{"id":144474,"date":"2020-01-04T09:19:30","date_gmt":"2020-01-04T12:19:30","guid":{"rendered":"http:\/\/www.caririemacao.com\/1\/?p=144474"},"modified":"2020-01-04T09:19:30","modified_gmt":"2020-01-04T12:19:30","slug":"policia-desarticula-quadrilha-suspeita-de-realizar-mais-de-trinta-assassinatos-na-paraiba","status":"publish","type":"post","link":"https:\/\/www.caririemacao.com\/1\/2020\/01\/04\/policia-desarticula-quadrilha-suspeita-de-realizar-mais-de-trinta-assassinatos-na-paraiba\/","title":{"rendered":"Pol\u00edcia desarticula quadrilha suspeita de realizar mais de trinta assassinatos na Para\u00edba"},"content":{"rendered":"\n<p>A Pol\u00edcia Militar prendeu, na noite desta sexta-feira (3), ap\u00f3s persegui\u00e7\u00e3o e troca de tiros na Zona Sul da Capital, quatro suspeitos de integrar uma quadrilha que teria envolvimento em mais de trinta assassinatos na regi\u00e3o de Catol\u00e9 do Rocha, no Sert\u00e3o da Para\u00edba. A pris\u00e3o deles aconteceu depois que os acusados mataram a tiros um rival do grupo, no bairro do Valentina, tamb\u00e9m em Jo\u00e3o Pessoa.&nbsp;<\/p>\n\n\n\n<p>Os quatro suspeitos estavam em um carro e, ap\u00f3s o crime, foram perseguidos at\u00e9 o Colinas do Sul, onde houve um confronto com os policiais militares, que acabou com todos eles presos em flagrante com tr\u00eas pistolas, sendo duas de calibre .40 e uma de calibre 9 mil\u00edmetros.<\/p>\n\n\n\n<p>\u201cEles vieram at\u00e9 a Capital atr\u00e1s dessa v\u00edtima, que tamb\u00e9m \u00e9 do Sert\u00e3o e estava na casa de parentes aqui no bairro do Valentina. A pris\u00e3o deu resposta n\u00e3o s\u00f3 a esse crime de hoje, como a v\u00e1rios outros ocorridos principalmente nos \u00faltimos meses, na regi\u00e3o de Catol\u00e9 do Rocha\u201d, destacou o comandante do 5\u00ba Batalh\u00e3o, tenente-coronel Marcos Barros.<\/p>\n\n\n\n<p>As primeiras informa\u00e7\u00f5es, que devem ser confirmadas no decorrer das investiga\u00e7\u00f5es policiais, \u00e9 de que o assassinato da noite desta sexta-feira estaria ligada a guerra entre fam\u00edlias na regi\u00e3o de Catol\u00e9 do Rocha.<\/p>\n\n\n\n<p>O comandante do 12\u00ba Batalh\u00e3o, major Esa\u00fa de Lucena, disse que a maioria dos crimes ocorridos na regi\u00e3o de Catol\u00e9 do Rocha, principalmente nos \u00faltimos seis meses, foram cometidos por armas dos tipos pistola calibre .40 e 9 mil\u00edmetros, que foram as mesmas apreendidas com o grupo. \u201cO fato das armas apreendidas com o grupo, que possuem os mesmos calibres repassados pelas per\u00edcias feita em v\u00edtimas de assassinatos, principalmente nos \u00faltimos seis meses, chama a aten\u00e7\u00e3o e podem ser as mesmas usadas nos crimes aqui na regi\u00e3o\u201d, disse.<\/p>\n\n\n\n<p>Um dos acusados, que \u00e9 apontado como l\u00edder do grupo e tem mandado de pris\u00e3o por v\u00e1rios homic\u00eddios, saiu ferido e foi socorrido para o Hospital de Emerg\u00eancia e Trauma, em Jo\u00e3o Pessoa. Os outros tr\u00eas presos foram apresentados na Central de Pol\u00edcia, no bairro do Geisel, na Capital.&nbsp; &nbsp;<\/p>\n","protected":false},"excerpt":{"rendered":"<p>A Pol\u00edcia Militar prendeu, na noite desta sexta-feira (3), ap\u00f3s persegui\u00e7\u00e3o e troca de tiros na Zona Sul da Capital, quatro suspeitos de integrar uma&hellip; <\/p>\n","protected":false},"author":1,"featured_media":105260,"comment_status":"closed","ping_status":"closed","sticky":false,"template":"","format":"standard","meta":{"sfsi_plus_gutenberg_text_before_share":"","sfsi_plus_gutenberg_show_text_before_share":"","sfsi_plus_gutenberg_icon_type":"","sfsi_plus_gutenberg_icon_alignemt":"","sfsi_plus_gutenburg_max_per_row":"","footnotes":""},"categories":[12],"tags":[],"class_list":["post-144474","post","type-post","status-publish","format-standard","has-post-thumbnail","hentry","category-policia"],"_links":{"self":[{"href":"https:\/\/www.caririemacao.com\/1\/wp-json\/wp\/v2\/posts\/144474","targetHints":{"allow":["GET"]}}],"collection":[{"href":"https:\/\/www.caririemacao.com\/1\/wp-json\/wp\/v2\/posts"}],"about":[{"href":"https:\/\/www.caririemacao.com\/1\/wp-json\/wp\/v2\/types\/post"}],"author":[{"embeddable":true,"href":"https:\/\/www.caririemacao.com\/1\/wp-json\/wp\/v2\/users\/1"}],"replies":[{"embeddable":true,"href":"https:\/\/www.caririemacao.com\/1\/wp-json\/wp\/v2\/comments?post=144474"}],"version-history":[{"count":1,"href":"https:\/\/www.caririemacao.com\/1\/wp-json\/wp\/v2\/posts\/144474\/revisions"}],"predecessor-version":[{"id":144475,"href":"https:\/\/www.caririemacao.com\/1\/wp-json\/wp\/v2\/posts\/144474\/revisions\/144475"}],"wp:featuredmedia":[{"embeddable":true,"href":"https:\/\/www.caririemacao.com\/1\/wp-json\/wp\/v2\/media\/105260"}],"wp:attachment":[{"href":"https:\/\/www.caririemacao.com\/1\/wp-json\/wp\/v2\/media?parent=144474"}],"wp:term":[{"taxonomy":"category","embeddable":true,"href":"https:\/\/www.caririemacao.com\/1\/wp-json\/wp\/v2\/categories?post=144474"},{"taxonomy":"post_tag","embeddable":true,"href":"https:\/\/www.caririemacao.com\/1\/wp-json\/wp\/v2\/tags?post=144474"}],"curies":[{"name":"wp","href":"https:\/\/api.w.org\/{rel}","templated":true}]}}