{"id":144485,"date":"2020-01-04T10:16:01","date_gmt":"2020-01-04T13:16:01","guid":{"rendered":"http:\/\/www.caririemacao.com\/1\/?p=144485"},"modified":"2020-01-04T10:16:01","modified_gmt":"2020-01-04T13:16:01","slug":"vasco-estreia-na-copinha-contra-jacuipense","status":"publish","type":"post","link":"https:\/\/www.caririemacao.com\/1\/2020\/01\/04\/vasco-estreia-na-copinha-contra-jacuipense\/","title":{"rendered":"Vasco estreia na Copinha contra Jacuipense"},"content":{"rendered":"\n<p>O Vasco entra em campo pela primeira vez em 2020 neste s\u00e1bado (3), mas ainda n\u00e3o \u00e9 a equipe profissional. O cruzmaltino estreia na Copa S\u00e3o Paulo contra o Caraj\u00e1s (Par\u00e1), \u00e0s 20h45 (hor\u00e1rio de Bras\u00edlia), na cidade de Itapira, que fica a cerca de 160 quil\u00f4metros da capital paulista. O gigante da colina est\u00e1 no grupo 19. E as tr\u00eas partidas da fase inicial ser\u00e3o disputadas no munic\u00edpio onde o \u00eddolo cruzmaltino Bellini nasceu.<\/p>\n\n\n\n<p>Ap\u00f3s enfrentar o Caraj\u00e1s, o Vasco pega o Jacuipense (Bahia), na pr\u00f3xima ter\u00e7a \u00e0s 19h15. A equipe do Rio faz a \u00faltima partida da primeira fase contra o time da casa, o Itapirense na pr\u00f3xima sexta, tamb\u00e9m \u00e0s 19h15.<\/p>\n\n\n\n<p>O Vasco conquistou a Copinha em 1992, e \u00e9 o atual vice-campe\u00e3o da competi\u00e7\u00e3o. A equipe chegou \u00e0 final em 2019 e acabou perdendo o t\u00edtulo para o S\u00e3o Paulo, na disputa de p\u00eanaltis, ap\u00f3s de um empate em 2 a 2 no tempo normal. Alguns jogadores da campanha do ano passado subiram para os profissionais e apareceram frequentemente nos jogos da equipe, como Tiago Reis, Lucas Santos, Bruno Gomes e a maior revela\u00e7\u00e3o do clube em 2019, Talles Magno. Al\u00e9m deles, o goleiro Alexander e o zagueiro Miranda tamb\u00e9m fizeram parte do elenco profissional na temporada anterior.<\/p>\n","protected":false},"excerpt":{"rendered":"<p>O Vasco entra em campo pela primeira vez em 2020 neste s\u00e1bado (3), mas ainda n\u00e3o \u00e9 a equipe profissional. O cruzmaltino estreia na Copa&hellip; <\/p>\n","protected":false},"author":1,"featured_media":103446,"comment_status":"closed","ping_status":"closed","sticky":false,"template":"","format":"standard","meta":{"sfsi_plus_gutenberg_text_before_share":"","sfsi_plus_gutenberg_show_text_before_share":"","sfsi_plus_gutenberg_icon_type":"","sfsi_plus_gutenberg_icon_alignemt":"","sfsi_plus_gutenburg_max_per_row":"","footnotes":""},"categories":[13],"tags":[],"class_list":["post-144485","post","type-post","status-publish","format-standard","has-post-thumbnail","hentry","category-esportes"],"_links":{"self":[{"href":"https:\/\/www.caririemacao.com\/1\/wp-json\/wp\/v2\/posts\/144485","targetHints":{"allow":["GET"]}}],"collection":[{"href":"https:\/\/www.caririemacao.com\/1\/wp-json\/wp\/v2\/posts"}],"about":[{"href":"https:\/\/www.caririemacao.com\/1\/wp-json\/wp\/v2\/types\/post"}],"author":[{"embeddable":true,"href":"https:\/\/www.caririemacao.com\/1\/wp-json\/wp\/v2\/users\/1"}],"replies":[{"embeddable":true,"href":"https:\/\/www.caririemacao.com\/1\/wp-json\/wp\/v2\/comments?post=144485"}],"version-history":[{"count":1,"href":"https:\/\/www.caririemacao.com\/1\/wp-json\/wp\/v2\/posts\/144485\/revisions"}],"predecessor-version":[{"id":144486,"href":"https:\/\/www.caririemacao.com\/1\/wp-json\/wp\/v2\/posts\/144485\/revisions\/144486"}],"wp:featuredmedia":[{"embeddable":true,"href":"https:\/\/www.caririemacao.com\/1\/wp-json\/wp\/v2\/media\/103446"}],"wp:attachment":[{"href":"https:\/\/www.caririemacao.com\/1\/wp-json\/wp\/v2\/media?parent=144485"}],"wp:term":[{"taxonomy":"category","embeddable":true,"href":"https:\/\/www.caririemacao.com\/1\/wp-json\/wp\/v2\/categories?post=144485"},{"taxonomy":"post_tag","embeddable":true,"href":"https:\/\/www.caririemacao.com\/1\/wp-json\/wp\/v2\/tags?post=144485"}],"curies":[{"name":"wp","href":"https:\/\/api.w.org\/{rel}","templated":true}]}}