{"id":144488,"date":"2020-01-04T12:52:14","date_gmt":"2020-01-04T15:52:14","guid":{"rendered":"http:\/\/www.caririemacao.com\/1\/?p=144488"},"modified":"2020-01-04T12:52:14","modified_gmt":"2020-01-04T15:52:14","slug":"garantia-safra-prazo-para-pagamento-do-boleto-foi-prorrogado-ate-o-dia-10-de-janeiro","status":"publish","type":"post","link":"https:\/\/www.caririemacao.com\/1\/2020\/01\/04\/garantia-safra-prazo-para-pagamento-do-boleto-foi-prorrogado-ate-o-dia-10-de-janeiro\/","title":{"rendered":"GARANTIA SAFRA: Prazo para pagamento do boleto foi prorrogado at\u00e9 o dia 10 de janeiro"},"content":{"rendered":"\n<p>Os Agricultores Familiares de Monteiro, inclusos no benef\u00edcio do Garantia Safra 2019\/2020, tiveram o prazo para pagamento do boleto de ades\u00e3o ao seguro, estendido at\u00e9 a pr\u00f3xima sexta-feira (10). O prazo havia sido encerrado no \u00faltimo dia 31 de dezembro.<\/p>\n\n\n\n<p>Em Monteiro, 1.107 agricultores est\u00e3o cadastrados no programa e t\u00eam direito \u00e0 ades\u00e3o. A rela\u00e7\u00e3o completa dos agricultores encontra-se \u00e0 disposi\u00e7\u00e3o na Secretaria de Agricultura Meio Ambiente e Desenvolvimento Sustent\u00e1vel de Monteiro, bem como os boletos daqueles que por algum motivo n\u00e3o puderam pegar dentro do prazo estabelecido.<\/p>\n\n\n\n<p>Segundo comunicado de Alessandro de Oliveira Silva, Coordenador do Programa Garantia Safra na Para\u00edba da Secretaria de Estado da Agricultura Familiar e do Desenvolvimento do Semi\u00e1rido, caso as casas lot\u00e9ricas ou a ag\u00eancia da Caixa Econ\u00f4mica Federal, se negue a receber o pagamento do boleto, os agricultores devem se dirigir \u00e0 Secretaria de Agricultura do Munic\u00edpio de Monteiro, para pegar c\u00f3pia do of\u00edcio enviado pela Coordena\u00e7\u00e3o Nacional do Garantia Safra.<\/p>\n","protected":false},"excerpt":{"rendered":"<p>Os Agricultores Familiares de Monteiro, inclusos no benef\u00edcio do Garantia Safra 2019\/2020, tiveram o prazo para pagamento do boleto de ades\u00e3o ao seguro, estendido at\u00e9&hellip; <\/p>\n","protected":false},"author":1,"featured_media":96555,"comment_status":"closed","ping_status":"closed","sticky":false,"template":"","format":"standard","meta":{"sfsi_plus_gutenberg_text_before_share":"","sfsi_plus_gutenberg_show_text_before_share":"","sfsi_plus_gutenberg_icon_type":"","sfsi_plus_gutenberg_icon_alignemt":"","sfsi_plus_gutenburg_max_per_row":"","footnotes":""},"categories":[6,50],"tags":[],"class_list":["post-144488","post","type-post","status-publish","format-standard","has-post-thumbnail","hentry","category-cidades","category-destaque"],"_links":{"self":[{"href":"https:\/\/www.caririemacao.com\/1\/wp-json\/wp\/v2\/posts\/144488","targetHints":{"allow":["GET"]}}],"collection":[{"href":"https:\/\/www.caririemacao.com\/1\/wp-json\/wp\/v2\/posts"}],"about":[{"href":"https:\/\/www.caririemacao.com\/1\/wp-json\/wp\/v2\/types\/post"}],"author":[{"embeddable":true,"href":"https:\/\/www.caririemacao.com\/1\/wp-json\/wp\/v2\/users\/1"}],"replies":[{"embeddable":true,"href":"https:\/\/www.caririemacao.com\/1\/wp-json\/wp\/v2\/comments?post=144488"}],"version-history":[{"count":1,"href":"https:\/\/www.caririemacao.com\/1\/wp-json\/wp\/v2\/posts\/144488\/revisions"}],"predecessor-version":[{"id":144490,"href":"https:\/\/www.caririemacao.com\/1\/wp-json\/wp\/v2\/posts\/144488\/revisions\/144490"}],"wp:featuredmedia":[{"embeddable":true,"href":"https:\/\/www.caririemacao.com\/1\/wp-json\/wp\/v2\/media\/96555"}],"wp:attachment":[{"href":"https:\/\/www.caririemacao.com\/1\/wp-json\/wp\/v2\/media?parent=144488"}],"wp:term":[{"taxonomy":"category","embeddable":true,"href":"https:\/\/www.caririemacao.com\/1\/wp-json\/wp\/v2\/categories?post=144488"},{"taxonomy":"post_tag","embeddable":true,"href":"https:\/\/www.caririemacao.com\/1\/wp-json\/wp\/v2\/tags?post=144488"}],"curies":[{"name":"wp","href":"https:\/\/api.w.org\/{rel}","templated":true}]}}