{"id":144508,"date":"2020-01-04T12:57:47","date_gmt":"2020-01-04T15:57:47","guid":{"rendered":"http:\/\/www.caririemacao.com\/1\/?p=144508"},"modified":"2020-01-04T12:57:47","modified_gmt":"2020-01-04T15:57:47","slug":"divulgado-edital-de-convocacao-dos-1000-aprovados-em-concurso-para-professor-da-rede-estadual-da-pb","status":"publish","type":"post","link":"https:\/\/www.caririemacao.com\/1\/2020\/01\/04\/divulgado-edital-de-convocacao-dos-1000-aprovados-em-concurso-para-professor-da-rede-estadual-da-pb\/","title":{"rendered":"Divulgado edital de convoca\u00e7\u00e3o dos 1000 aprovados em concurso para professor da rede estadual da PB"},"content":{"rendered":"\n<p>A Secretaria de Estado da Educa\u00e7\u00e3o e da Ci\u00eancia e Tecnologia, divulgou a lista final de aprovados no concurso p\u00fablico que&nbsp;ofereceu mil vagas para professores de 13 disciplinas&nbsp;na&nbsp;rede estadual de ensino. A lista foi publicada no Di\u00e1rio Oficial do Estado deste s\u00e1bado (4).&nbsp;A carga hor\u00e1ria \u00e9 de 30 horas semanais.<\/p>\n\n\n\n<div class=\"wp-block-image\"><figure class=\"aligncenter\"><img decoding=\"async\" data-src=\"http:\/\/deolhonocariri.com.br\/wp-content\/uploads\/2020\/01\/edital-de-convocacao.jpg\" alt=\"\" class=\"wp-image-75993 lazyload\" src=\"data:image\/svg+xml;base64,PHN2ZyB3aWR0aD0iMSIgaGVpZ2h0PSIxIiB4bWxucz0iaHR0cDovL3d3dy53My5vcmcvMjAwMC9zdmciPjwvc3ZnPg==\" \/><\/figure><\/div>\n\n\n\n<p>Conforme a publica\u00e7\u00e3o, os convocados dever\u00e3o comparecer ao Espa\u00e7o Cultural, situado na Rua Abdias Gomes de Almeida, 800, Tambauzinho, no per\u00edodo de 20 a 23 de Janeiro das 08h \u00e0s 18h e no dia 24 tamb\u00e9m deste m\u00eas das 08h \u00e0s 16h.<\/p>\n\n\n\n<p>Ap\u00f3s a posse, o convocados devem ir ao Centro Administrativo Estadual, no Bloco III, 3\u00ba andar, situado na Av. Jo\u00e3o da Mata, s\/n\u00ba, em Jaguaribe, na capital pessoense, no prazo de at\u00e9 30 dias a partir da publica\u00e7\u00e3o da nomea\u00e7\u00e3o no Di\u00e1rio Oficial do Estado. Os aprovados devem levar a documenta\u00e7\u00e3o exigida no edital do concurso.<\/p>\n","protected":false},"excerpt":{"rendered":"<p>A Secretaria de Estado da Educa\u00e7\u00e3o e da Ci\u00eancia e Tecnologia, divulgou a lista final de aprovados no concurso p\u00fablico que&nbsp;ofereceu mil vagas para professores&hellip; <\/p>\n","protected":false},"author":1,"featured_media":92258,"comment_status":"closed","ping_status":"closed","sticky":false,"template":"","format":"standard","meta":{"sfsi_plus_gutenberg_text_before_share":"","sfsi_plus_gutenberg_show_text_before_share":"","sfsi_plus_gutenberg_icon_type":"","sfsi_plus_gutenberg_icon_alignemt":"","sfsi_plus_gutenburg_max_per_row":"","footnotes":""},"categories":[2],"tags":[],"class_list":["post-144508","post","type-post","status-publish","format-standard","has-post-thumbnail","hentry","category-geral"],"_links":{"self":[{"href":"https:\/\/www.caririemacao.com\/1\/wp-json\/wp\/v2\/posts\/144508","targetHints":{"allow":["GET"]}}],"collection":[{"href":"https:\/\/www.caririemacao.com\/1\/wp-json\/wp\/v2\/posts"}],"about":[{"href":"https:\/\/www.caririemacao.com\/1\/wp-json\/wp\/v2\/types\/post"}],"author":[{"embeddable":true,"href":"https:\/\/www.caririemacao.com\/1\/wp-json\/wp\/v2\/users\/1"}],"replies":[{"embeddable":true,"href":"https:\/\/www.caririemacao.com\/1\/wp-json\/wp\/v2\/comments?post=144508"}],"version-history":[{"count":1,"href":"https:\/\/www.caririemacao.com\/1\/wp-json\/wp\/v2\/posts\/144508\/revisions"}],"predecessor-version":[{"id":144509,"href":"https:\/\/www.caririemacao.com\/1\/wp-json\/wp\/v2\/posts\/144508\/revisions\/144509"}],"wp:featuredmedia":[{"embeddable":true,"href":"https:\/\/www.caririemacao.com\/1\/wp-json\/wp\/v2\/media\/92258"}],"wp:attachment":[{"href":"https:\/\/www.caririemacao.com\/1\/wp-json\/wp\/v2\/media?parent=144508"}],"wp:term":[{"taxonomy":"category","embeddable":true,"href":"https:\/\/www.caririemacao.com\/1\/wp-json\/wp\/v2\/categories?post=144508"},{"taxonomy":"post_tag","embeddable":true,"href":"https:\/\/www.caririemacao.com\/1\/wp-json\/wp\/v2\/tags?post=144508"}],"curies":[{"name":"wp","href":"https:\/\/api.w.org\/{rel}","templated":true}]}}