{"id":144517,"date":"2020-01-04T13:19:56","date_gmt":"2020-01-04T16:19:56","guid":{"rendered":"http:\/\/www.caririemacao.com\/1\/?p=144517"},"modified":"2020-01-04T13:19:56","modified_gmt":"2020-01-04T16:19:56","slug":"justica-federal-retoma-expediente-terca-feira","status":"publish","type":"post","link":"https:\/\/www.caririemacao.com\/1\/2020\/01\/04\/justica-federal-retoma-expediente-terca-feira\/","title":{"rendered":"Justi\u00e7a Federal retoma expediente ter\u00e7a-feira"},"content":{"rendered":"\n<p>A partir desta ter\u00e7a-feira (07), a Justi\u00e7a Federal na Para\u00edba (JFPB) retomar\u00e1 o expediente forense e administrativo, ap\u00f3s o per\u00edodo de recesso do Judici\u00e1rio, com hor\u00e1rio ampliado de atendimento, come\u00e7ando uma hora mais cedo: das 8h \u00e0s 18h.<\/p>\n\n\n\n<p>A mudan\u00e7a foi estipulada por meio da Portaria 01\/2020, publicada no Di\u00e1rio Oficial Eletr\u00f4nico da Justi\u00e7a Federal 5\u00aa Regi\u00e3o da \u00faltima quinta-feira (02).<\/p>\n\n\n\n<p>De acordo com a Portaria, entre 16h e 18h, o atendimento ao p\u00fablico, referente a todas as unidades, ser\u00e1 concentrado nos setores de protocolo\/distribui\u00e7\u00e3o na Sede, e em \u00e1rea a ser definida pelo diretor de cada Subse\u00e7\u00e3o Judici\u00e1ria (Campina Grande, Guarabira, Monteiro, Patos e Sousa), respeitando-se a centraliza\u00e7\u00e3o em ambiente \u00fanico. Durante esse hor\u00e1rio, ser\u00e3o realizadas as atividades de atendimento geral, protocoliza\u00e7\u00e3o de peti\u00e7\u00f5es, expedi\u00e7\u00e3o de certid\u00f5es e presta\u00e7\u00e3o de informa\u00e7\u00f5es processuais.<\/p>\n\n\n\n<p><strong>MaisPB<\/strong><\/p>\n","protected":false},"excerpt":{"rendered":"<p>A partir desta ter\u00e7a-feira (07), a Justi\u00e7a Federal na Para\u00edba (JFPB) retomar\u00e1 o expediente forense e administrativo, ap\u00f3s o per\u00edodo de recesso do Judici\u00e1rio, com&hellip; <\/p>\n","protected":false},"author":1,"featured_media":66984,"comment_status":"closed","ping_status":"closed","sticky":false,"template":"","format":"standard","meta":{"sfsi_plus_gutenberg_text_before_share":"","sfsi_plus_gutenberg_show_text_before_share":"","sfsi_plus_gutenberg_icon_type":"","sfsi_plus_gutenberg_icon_alignemt":"","sfsi_plus_gutenburg_max_per_row":"","footnotes":""},"categories":[2],"tags":[],"class_list":["post-144517","post","type-post","status-publish","format-standard","has-post-thumbnail","hentry","category-geral"],"_links":{"self":[{"href":"https:\/\/www.caririemacao.com\/1\/wp-json\/wp\/v2\/posts\/144517","targetHints":{"allow":["GET"]}}],"collection":[{"href":"https:\/\/www.caririemacao.com\/1\/wp-json\/wp\/v2\/posts"}],"about":[{"href":"https:\/\/www.caririemacao.com\/1\/wp-json\/wp\/v2\/types\/post"}],"author":[{"embeddable":true,"href":"https:\/\/www.caririemacao.com\/1\/wp-json\/wp\/v2\/users\/1"}],"replies":[{"embeddable":true,"href":"https:\/\/www.caririemacao.com\/1\/wp-json\/wp\/v2\/comments?post=144517"}],"version-history":[{"count":1,"href":"https:\/\/www.caririemacao.com\/1\/wp-json\/wp\/v2\/posts\/144517\/revisions"}],"predecessor-version":[{"id":144518,"href":"https:\/\/www.caririemacao.com\/1\/wp-json\/wp\/v2\/posts\/144517\/revisions\/144518"}],"wp:featuredmedia":[{"embeddable":true,"href":"https:\/\/www.caririemacao.com\/1\/wp-json\/wp\/v2\/media\/66984"}],"wp:attachment":[{"href":"https:\/\/www.caririemacao.com\/1\/wp-json\/wp\/v2\/media?parent=144517"}],"wp:term":[{"taxonomy":"category","embeddable":true,"href":"https:\/\/www.caririemacao.com\/1\/wp-json\/wp\/v2\/categories?post=144517"},{"taxonomy":"post_tag","embeddable":true,"href":"https:\/\/www.caririemacao.com\/1\/wp-json\/wp\/v2\/tags?post=144517"}],"curies":[{"name":"wp","href":"https:\/\/api.w.org\/{rel}","templated":true}]}}