{"id":144522,"date":"2020-01-04T13:21:35","date_gmt":"2020-01-04T16:21:35","guid":{"rendered":"http:\/\/www.caririemacao.com\/1\/?p=144522"},"modified":"2020-01-04T13:21:35","modified_gmt":"2020-01-04T16:21:35","slug":"integracao-do-sao-francisco-recebeu-mais-de-r-13-bilhao-em-2019-2","status":"publish","type":"post","link":"https:\/\/www.caririemacao.com\/1\/2020\/01\/04\/integracao-do-sao-francisco-recebeu-mais-de-r-13-bilhao-em-2019-2\/","title":{"rendered":"Integra\u00e7\u00e3o do S\u00e3o Francisco recebeu mais de R$ 1,3 bilh\u00e3o, em 2019"},"content":{"rendered":"\n<p>Mais de R$ 1,3 bilh\u00e3o foram investidos pelo Minist\u00e9rio do Desenvolvimento Regional (MDR) nas obras e a\u00e7\u00f5es dos eixos principais do Projeto de Integra\u00e7\u00e3o do Rio S\u00e3o Francisco, em 2019. Os recursos foram concentrados principalmente na recupera\u00e7\u00e3o de etapas que j\u00e1 apresentavam 100% de execu\u00e7\u00e3o f\u00edsica, mas que exigiram interven\u00e7\u00f5es e reparos no sistema, a exemplo do Dique Negreiros, no Eixo Norte, e da Barragem Cacimba Nova, no Eixo Leste, com objetivo de avan\u00e7ar na conclus\u00e3o do maior empreendimento h\u00eddrico em constru\u00e7\u00e3o no pa\u00eds.<br><\/p>\n\n\n\n<p>\u201cFelizmente, as \u00e1guas do \u2018Velho Chico\u2019 voltaram a percorrer os trechos e est\u00e3o seguindo rumo aos estados que ser\u00e3o contemplados nos dois eixos \u2013 Norte e Leste\u201d, disse o ministro do Desenvolvimento Regional, Gustavo Canuto, ao fazer um balan\u00e7o das a\u00e7\u00f5es realizadas no \u00e2mbito do projeto, no ano passado. O avan\u00e7o da \u00e1gua, por\u00e9m, s\u00f3 foi poss\u00edvel ap\u00f3s a realiza\u00e7\u00e3o de diagn\u00f3sticos, servi\u00e7os e reparos nas duas estruturas \u2013 Dique 1217 e Cacimba Nova, ambos em Pernambuco \u2013 constru\u00eddas, respectivamente, entre 2013 e 2015 e no per\u00edodo de 2012 a 2014.<\/p>\n\n\n\n<p>Segundo o MDR, nos dois trechos, aproximadamente 2 mil trabalhadores atuaram intensamente no dique e na barragem, inclusive com turnos 24 horas. No Dique 1217 no Eixo Norte, por exemplo, parte do n\u00facleo argiloso foi rebaixado em 10 metros para viabilizar a inje\u00e7\u00e3o de cimento ao longo de toda extens\u00e3o da estrutura. Foram realizadas mais de 500 perfura\u00e7\u00f5es na rocha da funda\u00e7\u00e3o para consolidar poros e fissuras. \u201cUma a\u00e7\u00e3o de grande complexidade, mas essencial \u00e0 seguran\u00e7a da popula\u00e7\u00e3o e do empreendimento. O minist\u00e9rio tem respeitado rigorosamente o protocolo de enchimento estabelecido pela Ag\u00eancia Nacional de \u00c1guas (ANA)\u201d, disse Canuto.<\/p>\n\n\n\n<p>Eixo Norte \u2013 260 km<br>O Eixo Norte est\u00e1 97% finalizado e vai levar a \u00e1gua do S\u00e3o Francisco para os estados de Pernambuco, do Cear\u00e1, da Para\u00edba e do Rio Grande do Norte.<\/p>\n\n\n\n<p>Em 2019, o trecho recebeu R$ 356,9 milh\u00f5es do MDR e as \u00e1guas do rio avan\u00e7aram, pela primeira vez, em dire\u00e7\u00e3o ao reservat\u00f3rio Negreiros, em Salgueiro (PE).<\/p>\n\n\n\n<p>\u201cAtualmente, as \u00e1guas seguem por gravidade rumo ao reservat\u00f3rio Milagres, localizado entre Verdejante (PE) e Penaforte (CE). At\u00e9 o final deste trimestre, ser\u00e1 disponibilizada ao reservat\u00f3rio Jati, em solo cearense. O sistema vai garantir a seguran\u00e7a h\u00eddrica de mais de 4,5 milh\u00f5es de pessoas nas regi\u00f5es do Rio Jaguaribe e Metropolitana de Fortaleza\u201d.<\/p>\n\n\n\n<p>Eixo Leste \u2013 217 km<br>No Eixo Leste, em 2019, os investimentos somaram R$ 77,3 milh\u00f5es. Destinaram-se \u00e0 execu\u00e7\u00e3o de servi\u00e7os complementares de engenharia consultiva, programas ambientais e recupera\u00e7\u00e3o de estruturas. Desde 2017, quando foram finalizadas as obras para condu\u00e7\u00e3o das \u00e1guas, o Eixo Leste tem abastecido mais de 1,4 milh\u00e3o de pessoas em 46 munic\u00edpios, sendo 12 em Pernambuco e 34 na Para\u00edba.<\/p>\n\n\n\n<p>Em 2019, o Governo Federal garantiu a continuidade do abastecimento dessas localidades. Com objetivo de manter a seguran\u00e7a da popula\u00e7\u00e3o que mora \u00e0s margens dos canais e da estrutura, foi realizado inspe\u00e7\u00f5es e an\u00e1lises na Barragem Cacimba Nova, em Pernambuco. Por duas vezes \u2013 em abril e agosto \u2013, o bombeamento foi interrompido no trecho em raz\u00e3o de alertas emitidos na fase de enchimento do reservat\u00f3rio.<\/p>\n\n\n\n<p>Al\u00e9m disso, o Ramal do Agreste \u2013 que levar\u00e1 \u00e1gua do Eixo Leste para mais de 2,2 milh\u00f5es de habitantes em Pernambuco \u2013 contou com aporte de R$ 591 milh\u00f5es da Uni\u00e3o.<\/p>\n\n\n\n<p>Reservat\u00f3rios estrat\u00e9gicos<br>Os recursos do MDR voltados ao Projeto S\u00e3o Francisco, em 2019, tamb\u00e9m foram investidos na recupera\u00e7\u00e3o de reservat\u00f3rios estrat\u00e9gicos para o empreendimento. Receberam recursos da ordem de R$ 43 milh\u00f5es as barragens de Curema (PB), Lima Campos (CE), Po\u00e7o da Cruz (PE), S\u00e3o Gon\u00e7alo (PB), Po\u00e7\u00f5es (PB), Barra do Ju\u00e1 (PE) e Armando Ribeiro Gon\u00e7alves (RN).<\/p>\n\n\n\n<p>Opera\u00e7\u00e3o e energia solar<br>O minist\u00e9rio aplicou tamb\u00e9m R$ 274,1 milh\u00f5es que asseguraram a opera\u00e7\u00e3o, gest\u00e3o e manuten\u00e7\u00e3o das estruturas j\u00e1 em funcionamento.<\/p>\n\n\n\n<p>Para baratear o custo e viabilizar a \u00e1gua para popula\u00e7\u00e3o, o Governo Federal, em 2019, incluiu o Projeto no Programa de Parcerias de Investimentos (PPI) da Casa Civil. O planejamento \u00e9 realizar, de forma integrada, o leil\u00e3o de gera\u00e7\u00e3o de energia solar, autorizado pelo presidente Jair Bolsonaro, com a concess\u00e3o de opera\u00e7\u00e3o e manuten\u00e7\u00e3o do empreendimento.<\/p>\n\n\n\n<p>Segundo o ministro Gustavo Canuto, a previs\u00e3o \u00e9 economizar cerca de 25%, com a redu\u00e7\u00e3o do custo do metro c\u00fabico da adu\u00e7\u00e3o de \u00e1gua bruta de R$ 0,80 para R$ 0,60.<\/p>\n\n\n\n<p>Em todo o ano de 2019, o MDR investiu mais de R$ 2 bilh\u00f5es em obras e a\u00e7\u00f5es que v\u00e3o garantir a seguran\u00e7a h\u00eddrica da popula\u00e7\u00e3o no pa\u00eds.<\/p>\n","protected":false},"excerpt":{"rendered":"<p>Mais de R$ 1,3 bilh\u00e3o foram investidos pelo Minist\u00e9rio do Desenvolvimento Regional (MDR) nas obras e a\u00e7\u00f5es dos eixos principais do Projeto de Integra\u00e7\u00e3o do&hellip; <\/p>\n","protected":false},"author":1,"featured_media":14251,"comment_status":"closed","ping_status":"closed","sticky":false,"template":"","format":"standard","meta":{"sfsi_plus_gutenberg_text_before_share":"","sfsi_plus_gutenberg_show_text_before_share":"","sfsi_plus_gutenberg_icon_type":"","sfsi_plus_gutenberg_icon_alignemt":"","sfsi_plus_gutenburg_max_per_row":"","footnotes":""},"categories":[2],"tags":[],"class_list":["post-144522","post","type-post","status-publish","format-standard","has-post-thumbnail","hentry","category-geral"],"_links":{"self":[{"href":"https:\/\/www.caririemacao.com\/1\/wp-json\/wp\/v2\/posts\/144522","targetHints":{"allow":["GET"]}}],"collection":[{"href":"https:\/\/www.caririemacao.com\/1\/wp-json\/wp\/v2\/posts"}],"about":[{"href":"https:\/\/www.caririemacao.com\/1\/wp-json\/wp\/v2\/types\/post"}],"author":[{"embeddable":true,"href":"https:\/\/www.caririemacao.com\/1\/wp-json\/wp\/v2\/users\/1"}],"replies":[{"embeddable":true,"href":"https:\/\/www.caririemacao.com\/1\/wp-json\/wp\/v2\/comments?post=144522"}],"version-history":[{"count":1,"href":"https:\/\/www.caririemacao.com\/1\/wp-json\/wp\/v2\/posts\/144522\/revisions"}],"predecessor-version":[{"id":144523,"href":"https:\/\/www.caririemacao.com\/1\/wp-json\/wp\/v2\/posts\/144522\/revisions\/144523"}],"wp:featuredmedia":[{"embeddable":true,"href":"https:\/\/www.caririemacao.com\/1\/wp-json\/wp\/v2\/media\/14251"}],"wp:attachment":[{"href":"https:\/\/www.caririemacao.com\/1\/wp-json\/wp\/v2\/media?parent=144522"}],"wp:term":[{"taxonomy":"category","embeddable":true,"href":"https:\/\/www.caririemacao.com\/1\/wp-json\/wp\/v2\/categories?post=144522"},{"taxonomy":"post_tag","embeddable":true,"href":"https:\/\/www.caririemacao.com\/1\/wp-json\/wp\/v2\/tags?post=144522"}],"curies":[{"name":"wp","href":"https:\/\/api.w.org\/{rel}","templated":true}]}}