{"id":144531,"date":"2020-01-04T13:26:55","date_gmt":"2020-01-04T16:26:55","guid":{"rendered":"http:\/\/www.caririemacao.com\/1\/?p=144531"},"modified":"2020-01-04T13:26:55","modified_gmt":"2020-01-04T16:26:55","slug":"petrobras-decide-esperar-alguns-dias-para-definir-aumento-para-a-gasolina","status":"publish","type":"post","link":"https:\/\/www.caririemacao.com\/1\/2020\/01\/04\/petrobras-decide-esperar-alguns-dias-para-definir-aumento-para-a-gasolina\/","title":{"rendered":"Petrobras decide esperar alguns dias para definir aumento para a gasolina"},"content":{"rendered":"\n<p>A Petrobras vai esperar o mercado de petr\u00f3leo se acomodar antes de decidir por reajustes nos pre\u00e7os dos combust\u00edveis para responder \u00e0 escalada das cota\u00e7\u00f5es internacionais ap\u00f3s o assassinato do general iraniano Qassim Suleimani na madrugada desta sexta-feira (3).<\/p>\n\n\n\n<p>O presidente Jair Bolsonaro prometeu provid\u00eancias caso a escalada da crise no Oriente M\u00e9dio leve a disparada no pre\u00e7o do petr\u00f3leo. Ele frisou, por\u00e9m, que a linha do governo \u00e9 a de n\u00e3o interferir na pol\u00edtica de pre\u00e7os da estatal.<\/p>\n\n\n\n<p>A cota\u00e7\u00e3o do petr\u00f3leo tipo Brent, negociado em Londres e usado como refer\u00eancia internacional, subiu cerca de 3,50% diante de incertezas sobre os impactos no fornecimento da mat\u00e9ria-prima em meio a tens\u00f5es na regi\u00e3o.<\/p>\n\n\n\n<p>A reportagem apurou, entretanto, que a Petrobras vai repetir estrat\u00e9gia adotada ap\u00f3s os ataques a refinaria na Ar\u00e1bia Saudita, em setembro, quando esperou por dois dias a defini\u00e7\u00e3o de novos patamares de pre\u00e7os. Naquela ocasi\u00e3o, o pre\u00e7o da gasolina subiu 3,5% e o do diesel, 4,2%.<\/p>\n\n\n\n<p>A l\u00f3gica \u00e9 a de aguardar o mercado se acalmar, para evitar repassar ao consumidor a volatilidade no mercado internacional.<\/p>\n\n\n\n<p>A postura refor\u00e7a expectativa de investidores com rela\u00e7\u00e3o \u00e0 nova gest\u00e3o da pol\u00edtica de pre\u00e7os da estatal.<\/p>\n\n\n\n<p>\u201cO [presidente da Petrobras] Roberto Castello Branco mudou a pol\u00edtica de reajustes di\u00e1rios e deve esperar mais um pouco para ver como se comportam os pre\u00e7os internacionais\u201d, diz o analista Pedro Galdi, da Mirae Asset Wealth Management.<\/p>\n\n\n\n<p>Em nota, a estatal afirmou que \u201csegue com o processo de monitoramento do mercado internacional\u201d e acrescentou que \u201cde acordo com suas pr\u00e1ticas de precifica\u00e7\u00e3o vigentes, n\u00e3o h\u00e1 periodicidade predefinida para a aplica\u00e7\u00e3o de reajustes\u201d dos combust\u00edveis.<\/p>\n\n\n\n<p>\u201cA empresa seguir\u00e1 acompanhando o mercado e decidir\u00e1 oportunamente sobre os pr\u00f3ximos ajustes nos pre\u00e7os\u201d, completou a Petrobras.<br>Bolsonaro confirmou a estrat\u00e9gia em entrevista ap\u00f3s visitar a primeira-dama Michelle no hospital, onde ela se recupera ap\u00f3s procedimentos cir\u00fargicos est\u00e9ticos realizados na quinta (2).<\/p>\n\n\n\n<p>\u201cConversei com o presidente da Petrobras e, a exemplo do que aconteceu na Ar\u00e1bia Saudita, o ataque de drones, em poucos dias volta \u00e0 normalidade. A gente espera que aconte\u00e7a agora tamb\u00e9m\u201d, disse, frisando que, se as cota\u00e7\u00f5es continuarem a subir, \u201ctem que tomar provid\u00eancia\u201d.<\/p>\n\n\n\n<p>\u201cEu converso com o almirante Bento [Albuquerque, ministro de Minas e Energia], eu converso com o presidente da Petrobras, o Paulo Guedes [ministro da Economia], e n\u00f3s temos uma linha de n\u00e3o interferir. [Vamos] acompanhar e buscar e solu\u00e7\u00f5es\u201d, declarou.<\/p>\n\n\n\n<figure class=\"wp-block-image\"><img decoding=\"async\" data-src=\"https:\/\/paraibaonline.com.br\/wp-content\/uploads\/2019\/11\/BOMBAS-GASOLINA-567x378.jpg\" alt=\"Foto: Fernando Fraz\u00e3o\/Ag\u00eancia Brasil\" class=\"wp-image-817063 lazyload\" src=\"data:image\/svg+xml;base64,PHN2ZyB3aWR0aD0iMSIgaGVpZ2h0PSIxIiB4bWxucz0iaHR0cDovL3d3dy53My5vcmcvMjAwMC9zdmciPjwvc3ZnPg==\" style=\"--smush-placeholder-width: 567px; --smush-placeholder-aspect-ratio: 567\/378;\" \/><\/figure>\n\n\n\n<p>Foto: Fernando Fraz\u00e3o\/Ag\u00eancia Brasil<\/p>\n\n\n\n<p>Como medida alternativa, ele sugeriu que governadores abram m\u00e3o de poss\u00edveis ganhos com a arrecada\u00e7\u00e3o do ICMS caso haja um incremento do pre\u00e7o do petr\u00f3leo, para reduzir o impacto da varia\u00e7\u00e3o na ponta para os consumidores.<\/p>\n\n\n\n<p>\u201cA gente apela para governadores. Vamos supor que aumente 20% o pre\u00e7o do petr\u00f3leo. Vai aumentar 20% o ICMS. N\u00e3o d\u00e1 para os governadores cederem um pouco nisso tamb\u00e9m? Porque todo mundo perde. Quando voc\u00ea mexe em combust\u00edveis toda a nossa economia \u00e9 afetada nesta quest\u00e3o\u201d.<\/p>\n\n\n\n<p>A Petrobras reajustou a gasolina pela \u00faltima vez no dia 27 de novembro, com alta de 4%. J\u00e1 o pre\u00e7o do diesel foi elevado em 3% no dia 21 de dezembro, o terceiro aumento em pouco mais de um m\u00eas.<\/p>\n\n\n\n<p>A pol\u00edtica de pre\u00e7os da estatal prev\u00ea o acompanhamento de um conceito conhecido como paridade de importa\u00e7\u00e3o, que inclui as cota\u00e7\u00f5es internacionais do petr\u00f3leo, a taxa de c\u00e2mbio e custos para trazer os produtos ao pa\u00eds.<\/p>\n\n\n\n<p>Para o analista da Oanda Edward Moya, as cota\u00e7\u00f5es do brent devem ultrapassar os US$ 70 (R$ 283, ao c\u00e2mbio atual) na semana que vem e podem se manter nesse patamar, j\u00e1 que o mercado pode come\u00e7ar a trabalhar com a possibilidade de conflito militar limitado nas pr\u00f3ximas semanas.<\/p>\n\n\n\n<p>Para o pesquisador visitante da UFBA (Universidade Federal da Bahia) e coordenador-t\u00e9cnico do Ineep (Instituto de Estudos Estrat\u00e9gicos de Petr\u00f3leo, G\u00e1s Natural e Biocombust\u00edveis), Rodrigo Le\u00e3o, o comportamento das cota\u00e7\u00f5es do petr\u00f3leo vai depender da rea\u00e7\u00e3o de R\u00fassia e China, que j\u00e1 declararam apoio ao Ir\u00e3.<\/p>\n\n\n\n<p>\u201cSe a R\u00fassia se envolver de forma intensa, pode haver uma eleva\u00e7\u00e3o mais abrupta das cota\u00e7\u00f5es\u201d, avalia. Para ele, por\u00e9m, ainda e cedo para fazer proje\u00e7\u00f5es. \u201c[A postura da Petrobras] \u00e9 uma postura correta, prudente\u201d, afirma.<\/p>\n\n\n\n<p>Um cen\u00e1rio de cota\u00e7\u00f5es em alta tornaria inevit\u00e1vel o reajuste nos pre\u00e7os internos dos combust\u00edveis. A manuten\u00e7\u00e3o do petr\u00f3leo em patamares mais elevados, lembra Galdi, tem efeitos na infla\u00e7\u00e3o e pode alterar planos dos bancos centrais ao redor do mundo.<\/p>\n","protected":false},"excerpt":{"rendered":"<p>A Petrobras vai esperar o mercado de petr\u00f3leo se acomodar antes de decidir por reajustes nos pre\u00e7os dos combust\u00edveis para responder \u00e0 escalada das cota\u00e7\u00f5es&hellip; <\/p>\n","protected":false},"author":1,"featured_media":8261,"comment_status":"closed","ping_status":"closed","sticky":false,"template":"","format":"standard","meta":{"sfsi_plus_gutenberg_text_before_share":"","sfsi_plus_gutenberg_show_text_before_share":"","sfsi_plus_gutenberg_icon_type":"","sfsi_plus_gutenberg_icon_alignemt":"","sfsi_plus_gutenburg_max_per_row":"","footnotes":""},"categories":[2],"tags":[],"class_list":["post-144531","post","type-post","status-publish","format-standard","has-post-thumbnail","hentry","category-geral"],"_links":{"self":[{"href":"https:\/\/www.caririemacao.com\/1\/wp-json\/wp\/v2\/posts\/144531","targetHints":{"allow":["GET"]}}],"collection":[{"href":"https:\/\/www.caririemacao.com\/1\/wp-json\/wp\/v2\/posts"}],"about":[{"href":"https:\/\/www.caririemacao.com\/1\/wp-json\/wp\/v2\/types\/post"}],"author":[{"embeddable":true,"href":"https:\/\/www.caririemacao.com\/1\/wp-json\/wp\/v2\/users\/1"}],"replies":[{"embeddable":true,"href":"https:\/\/www.caririemacao.com\/1\/wp-json\/wp\/v2\/comments?post=144531"}],"version-history":[{"count":1,"href":"https:\/\/www.caririemacao.com\/1\/wp-json\/wp\/v2\/posts\/144531\/revisions"}],"predecessor-version":[{"id":144532,"href":"https:\/\/www.caririemacao.com\/1\/wp-json\/wp\/v2\/posts\/144531\/revisions\/144532"}],"wp:featuredmedia":[{"embeddable":true,"href":"https:\/\/www.caririemacao.com\/1\/wp-json\/wp\/v2\/media\/8261"}],"wp:attachment":[{"href":"https:\/\/www.caririemacao.com\/1\/wp-json\/wp\/v2\/media?parent=144531"}],"wp:term":[{"taxonomy":"category","embeddable":true,"href":"https:\/\/www.caririemacao.com\/1\/wp-json\/wp\/v2\/categories?post=144531"},{"taxonomy":"post_tag","embeddable":true,"href":"https:\/\/www.caririemacao.com\/1\/wp-json\/wp\/v2\/tags?post=144531"}],"curies":[{"name":"wp","href":"https:\/\/api.w.org\/{rel}","templated":true}]}}