{"id":144539,"date":"2020-01-04T13:46:00","date_gmt":"2020-01-04T16:46:00","guid":{"rendered":"http:\/\/www.caririemacao.com\/1\/?p=144539"},"modified":"2020-01-04T13:46:00","modified_gmt":"2020-01-04T16:46:00","slug":"flamengo-anuncia-a-contratacao-do-seu-segundo-reforco-para-temporada","status":"publish","type":"post","link":"https:\/\/www.caririemacao.com\/1\/2020\/01\/04\/flamengo-anuncia-a-contratacao-do-seu-segundo-reforco-para-temporada\/","title":{"rendered":"Flamengo anuncia a contrata\u00e7\u00e3o do seu segundo refor\u00e7o para temporada"},"content":{"rendered":"\n<p>O Flamengo anunciou, no come\u00e7o da noite desta sexta-feira (3), a contrata\u00e7\u00e3o do zagueiro Gustavo Henrique. O jogador, que estava no Santos, \u00e9 o segundo refor\u00e7o do Rubro-Negro para esta temporada no mercado da bola \u2013 j\u00e1 havia oficializado a chegada do atacante Pedro Rocha. Ele chega \u00e0 G\u00e1vea com contrato de quatro anos.<\/p>\n\n\n\n<p>Gustavo Henrique fez elogios ao Flamengo e \u00e0 torcida e demonstrou entusiasmo em vestir a camisa rubro-negra neste ano.<\/p>\n\n\n\n<p>\u201cPrimeiro me sinto muito lisonjeado pela oportunidade. \u00c9 um clube gigantesco com uma torcida muito grande. Estou feliz e motivado. Espero superar a expectativa dos torcedores. Quero dar o meu melhor como sempre fiz na minha carreira. N\u00e3o vai faltar trabalho e ra\u00e7a.<\/p>\n\n\n\n<p>Estou na expectativa de vestir esse Manto e pode ter certeza que n\u00e3o vai faltar entrega. O ano de 2019 foi muito bom para o Flamengo e eu quero escrever o meu nome na hist\u00f3ria do clube agora em 2020\u2033, disse, ao site oficial.<\/p>\n\n\n\n<p>O v\u00ednculo do zagueiro com o Santos terminava no fim deste m\u00eas e as negocia\u00e7\u00f5es com o Flamengo foram fechadas quando a diretoria ainda estava em Doha, no Qatar, por conta da disputa do Mundial de Clubes.<\/p>\n\n\n\n<p>Atualmente, a zaga titular \u00e9 formada por Rodrigo Caio e Pablo Mar\u00ed. Al\u00e9m deles, o elenco ainda conta com os jovens Matheus Thuler, Matheus Dantas e Rafael Santos. Rhodolfo, que tinha contrato at\u00e9 o fim do ano, n\u00e3o teve o v\u00ednculo renovado e est\u00e1 livre no mercado.<\/p>\n","protected":false},"excerpt":{"rendered":"<p>O Flamengo anunciou, no come\u00e7o da noite desta sexta-feira (3), a contrata\u00e7\u00e3o do zagueiro Gustavo Henrique. O jogador, que estava no Santos, \u00e9 o segundo&hellip; <\/p>\n","protected":false},"author":1,"featured_media":144540,"comment_status":"closed","ping_status":"closed","sticky":false,"template":"","format":"standard","meta":{"sfsi_plus_gutenberg_text_before_share":"","sfsi_plus_gutenberg_show_text_before_share":"","sfsi_plus_gutenberg_icon_type":"","sfsi_plus_gutenberg_icon_alignemt":"","sfsi_plus_gutenburg_max_per_row":"","footnotes":""},"categories":[13],"tags":[],"class_list":["post-144539","post","type-post","status-publish","format-standard","has-post-thumbnail","hentry","category-esportes"],"_links":{"self":[{"href":"https:\/\/www.caririemacao.com\/1\/wp-json\/wp\/v2\/posts\/144539","targetHints":{"allow":["GET"]}}],"collection":[{"href":"https:\/\/www.caririemacao.com\/1\/wp-json\/wp\/v2\/posts"}],"about":[{"href":"https:\/\/www.caririemacao.com\/1\/wp-json\/wp\/v2\/types\/post"}],"author":[{"embeddable":true,"href":"https:\/\/www.caririemacao.com\/1\/wp-json\/wp\/v2\/users\/1"}],"replies":[{"embeddable":true,"href":"https:\/\/www.caririemacao.com\/1\/wp-json\/wp\/v2\/comments?post=144539"}],"version-history":[{"count":1,"href":"https:\/\/www.caririemacao.com\/1\/wp-json\/wp\/v2\/posts\/144539\/revisions"}],"predecessor-version":[{"id":144541,"href":"https:\/\/www.caririemacao.com\/1\/wp-json\/wp\/v2\/posts\/144539\/revisions\/144541"}],"wp:featuredmedia":[{"embeddable":true,"href":"https:\/\/www.caririemacao.com\/1\/wp-json\/wp\/v2\/media\/144540"}],"wp:attachment":[{"href":"https:\/\/www.caririemacao.com\/1\/wp-json\/wp\/v2\/media?parent=144539"}],"wp:term":[{"taxonomy":"category","embeddable":true,"href":"https:\/\/www.caririemacao.com\/1\/wp-json\/wp\/v2\/categories?post=144539"},{"taxonomy":"post_tag","embeddable":true,"href":"https:\/\/www.caririemacao.com\/1\/wp-json\/wp\/v2\/tags?post=144539"}],"curies":[{"name":"wp","href":"https:\/\/api.w.org\/{rel}","templated":true}]}}