{"id":144552,"date":"2020-01-04T16:30:41","date_gmt":"2020-01-04T19:30:41","guid":{"rendered":"http:\/\/www.caririemacao.com\/1\/?p=144552"},"modified":"2020-01-04T16:30:41","modified_gmt":"2020-01-04T19:30:41","slug":"deputado-quer-mudar-de-60-para-65-anos-a-idade-para-pessoa-ser-considerada-idosa","status":"publish","type":"post","link":"https:\/\/www.caririemacao.com\/1\/2020\/01\/04\/deputado-quer-mudar-de-60-para-65-anos-a-idade-para-pessoa-ser-considerada-idosa\/","title":{"rendered":"Deputado quer mudar de 60 para 65 anos a idade para pessoa ser considerada idosa"},"content":{"rendered":"\n<p>Projeto de Lei 5383\/19 altera a legisla\u00e7\u00e3o vigente para que as pessoas sejam consideradas idosas a partir dos 65 anos de idade, e n\u00e3o mais 60. Em an\u00e1lise na C\u00e2mara dos Deputados, o texto altera o&nbsp;Estatuto do Idoso&nbsp;e a&nbsp;Lei 10048\/00, que trata da prioridade de atendimento.<\/p>\n\n\n\n<p>\u201cN\u00e3o existe mais justificativa para dizer que uma pessoa com 60 anos \u00e9 idosa. A cada dia que se passa vemos mais pessoas atingindo essa idade com qualidade de vida, em plena atividade laboral, intelectual e at\u00e9 mesmo f\u00edsica\u201d, afirma o deputado Jo\u00e3o Campos (Republicanos-GO)&nbsp;<strong>(foto)<\/strong>, autor da proposta.<\/p>\n\n\n\n<figure class=\"wp-block-image\"><img decoding=\"async\" data-src=\"https:\/\/www.camara.leg.br\/midias\/image\/2019\/08\/img20190702212339383-768x512.jpg\" alt=\"Para\u00edba Online \u2022 Deputado quer mudar de 60 para 65 anos a idade para pessoa ser considerada idosa\" src=\"data:image\/svg+xml;base64,PHN2ZyB3aWR0aD0iMSIgaGVpZ2h0PSIxIiB4bWxucz0iaHR0cDovL3d3dy53My5vcmcvMjAwMC9zdmciPjwvc3ZnPg==\" class=\"lazyload\" style=\"--smush-placeholder-width: 768px; --smush-placeholder-aspect-ratio: 768\/512;\" \/><\/figure>\n\n\n\n<p>Foto: Pablo Valadares\/C\u00e2mara dos Deputados<\/p>\n\n\n\n<p>Ele destaca que a expectativa de vida no Brasil aumentou sete anos desde 2003, e hoje \u00e9 de 80 anos para mulheres e 73 anos para homens, em m\u00e9dia, segundo dados do Instituto Brasileiro de Geografia e Estat\u00edsticas (IBGE).<\/p>\n\n\n\n<p>E acrescenta que a reforma da Previd\u00eancia, recentemente promulgada (Emenda Constitucional 103\/19), aumentou a idade m\u00ednima de aposentadoria para 65 anos para o homem e para 62 anos para a mulher.<\/p>\n\n\n\n<p><strong>Mudan\u00e7as<\/strong><br>Caso o projeto seja aprovado pela C\u00e2mara, o Estatuto do Idoso passar\u00e1 a regular os direitos das pessoas com idade igual ou superior a 65 anos. A elas ser\u00e1 assegurada, por exemplo, prioridade na tramita\u00e7\u00e3o dos processos e procedimentos e na execu\u00e7\u00e3o dos atos e dilig\u00eancias judiciais em que figure como parte.<\/p>\n\n\n\n<p>Al\u00e9m disso, apenas \u00e0s pessoas com idade igual ou superior a 65 anos \u2013 e n\u00e3o mais 60 anos \u2013 ser\u00e1 assegurado tratamento priorit\u00e1rio no transporte coletivo, em bancos, reparti\u00e7\u00f5es p\u00fablicas e empresas concession\u00e1rias de servi\u00e7os p\u00fablico.<\/p>\n\n\n\n<p><strong>Tramita\u00e7\u00e3o<\/strong><br>A proposta ser\u00e1 analisada em&nbsp;car\u00e1ter conclusivo&nbsp;pelas comiss\u00f5es de Defesa dos Direitos da Pessoa Idosa; e de Constitui\u00e7\u00e3o e Justi\u00e7a e de Cidadania.<\/p>\n","protected":false},"excerpt":{"rendered":"<p>Projeto de Lei 5383\/19 altera a legisla\u00e7\u00e3o vigente para que as pessoas sejam consideradas idosas a partir dos 65 anos de idade, e n\u00e3o mais&hellip; <\/p>\n","protected":false},"author":1,"featured_media":144553,"comment_status":"closed","ping_status":"closed","sticky":false,"template":"","format":"standard","meta":{"sfsi_plus_gutenberg_text_before_share":"","sfsi_plus_gutenberg_show_text_before_share":"","sfsi_plus_gutenberg_icon_type":"","sfsi_plus_gutenberg_icon_alignemt":"","sfsi_plus_gutenburg_max_per_row":"","footnotes":""},"categories":[2],"tags":[],"class_list":["post-144552","post","type-post","status-publish","format-standard","has-post-thumbnail","hentry","category-geral"],"_links":{"self":[{"href":"https:\/\/www.caririemacao.com\/1\/wp-json\/wp\/v2\/posts\/144552","targetHints":{"allow":["GET"]}}],"collection":[{"href":"https:\/\/www.caririemacao.com\/1\/wp-json\/wp\/v2\/posts"}],"about":[{"href":"https:\/\/www.caririemacao.com\/1\/wp-json\/wp\/v2\/types\/post"}],"author":[{"embeddable":true,"href":"https:\/\/www.caririemacao.com\/1\/wp-json\/wp\/v2\/users\/1"}],"replies":[{"embeddable":true,"href":"https:\/\/www.caririemacao.com\/1\/wp-json\/wp\/v2\/comments?post=144552"}],"version-history":[{"count":1,"href":"https:\/\/www.caririemacao.com\/1\/wp-json\/wp\/v2\/posts\/144552\/revisions"}],"predecessor-version":[{"id":144554,"href":"https:\/\/www.caririemacao.com\/1\/wp-json\/wp\/v2\/posts\/144552\/revisions\/144554"}],"wp:featuredmedia":[{"embeddable":true,"href":"https:\/\/www.caririemacao.com\/1\/wp-json\/wp\/v2\/media\/144553"}],"wp:attachment":[{"href":"https:\/\/www.caririemacao.com\/1\/wp-json\/wp\/v2\/media?parent=144552"}],"wp:term":[{"taxonomy":"category","embeddable":true,"href":"https:\/\/www.caririemacao.com\/1\/wp-json\/wp\/v2\/categories?post=144552"},{"taxonomy":"post_tag","embeddable":true,"href":"https:\/\/www.caririemacao.com\/1\/wp-json\/wp\/v2\/tags?post=144552"}],"curies":[{"name":"wp","href":"https:\/\/api.w.org\/{rel}","templated":true}]}}