{"id":144556,"date":"2020-01-04T16:50:30","date_gmt":"2020-01-04T19:50:30","guid":{"rendered":"http:\/\/www.caririemacao.com\/1\/?p=144556"},"modified":"2020-01-04T16:50:30","modified_gmt":"2020-01-04T19:50:30","slug":"casa-do-estudante-abre-inscricoes-para-alunos-do-interior-da-paraiba","status":"publish","type":"post","link":"https:\/\/www.caririemacao.com\/1\/2020\/01\/04\/casa-do-estudante-abre-inscricoes-para-alunos-do-interior-da-paraiba\/","title":{"rendered":"Casa do Estudante abre inscri\u00e7\u00f5es para alunos do interior da Para\u00edba"},"content":{"rendered":"\n<p>O Governo do Estado da Para\u00edba abre, nesta segunda-feira (6), as inscri\u00e7\u00f5es para os estudantes que pretendem concorrer a uma vaga na Casa do Estudante, que acolhe estudantes vindos do interior do estado em Jo\u00e3o Pessoa.<\/p>\n\n\n\n<p>De acordo com edital publicado no Di\u00e1rio Oficial do Estado (DOE) desta sexta-feira (3), s\u00e3o 96 vagas para estudantes do sexo masculino, sendo cinco dessas vagas destinadas a estudantes portadores de necessidades especiais<\/p>\n\n\n\n<p>As inscri\u00e7\u00f5es poder\u00e3o ser feitas na Casa do Estudante da Para\u00edba, situada na Rua da Areia, n\u00ba 567, no Centro de Jo\u00e3o Pessoa \u2013 PB, at\u00e9 o 15 de janeiro, no hor\u00e1rio das 08h \u00e0s 12h e 14h \u00e0s 17h.<\/p>\n\n\n\n<p>O candidato n\u00e3o deve receber aux\u00edlio moradia da institui\u00e7\u00e3o de origem. No caso de exercer est\u00e1gio acad\u00eamico, mesmo que comprovado, n\u00e3o poder\u00e1 ter o hor\u00e1rio escolar comprometido e precisa comprovar renda familiar mensal que n\u00e3o ultrapasse o valor de um sal\u00e1rio m\u00ednimo e meio.<\/p>\n\n\n\n<p><strong>MaisPB<\/strong><\/p>\n","protected":false},"excerpt":{"rendered":"<p>O Governo do Estado da Para\u00edba abre, nesta segunda-feira (6), as inscri\u00e7\u00f5es para os estudantes que pretendem concorrer a uma vaga na Casa do Estudante,&hellip; <\/p>\n","protected":false},"author":1,"featured_media":144557,"comment_status":"closed","ping_status":"closed","sticky":false,"template":"","format":"standard","meta":{"sfsi_plus_gutenberg_text_before_share":"","sfsi_plus_gutenberg_show_text_before_share":"","sfsi_plus_gutenberg_icon_type":"","sfsi_plus_gutenberg_icon_alignemt":"","sfsi_plus_gutenburg_max_per_row":"","footnotes":""},"categories":[14],"tags":[],"class_list":["post-144556","post","type-post","status-publish","format-standard","has-post-thumbnail","hentry","category-educacao"],"_links":{"self":[{"href":"https:\/\/www.caririemacao.com\/1\/wp-json\/wp\/v2\/posts\/144556","targetHints":{"allow":["GET"]}}],"collection":[{"href":"https:\/\/www.caririemacao.com\/1\/wp-json\/wp\/v2\/posts"}],"about":[{"href":"https:\/\/www.caririemacao.com\/1\/wp-json\/wp\/v2\/types\/post"}],"author":[{"embeddable":true,"href":"https:\/\/www.caririemacao.com\/1\/wp-json\/wp\/v2\/users\/1"}],"replies":[{"embeddable":true,"href":"https:\/\/www.caririemacao.com\/1\/wp-json\/wp\/v2\/comments?post=144556"}],"version-history":[{"count":1,"href":"https:\/\/www.caririemacao.com\/1\/wp-json\/wp\/v2\/posts\/144556\/revisions"}],"predecessor-version":[{"id":144558,"href":"https:\/\/www.caririemacao.com\/1\/wp-json\/wp\/v2\/posts\/144556\/revisions\/144558"}],"wp:featuredmedia":[{"embeddable":true,"href":"https:\/\/www.caririemacao.com\/1\/wp-json\/wp\/v2\/media\/144557"}],"wp:attachment":[{"href":"https:\/\/www.caririemacao.com\/1\/wp-json\/wp\/v2\/media?parent=144556"}],"wp:term":[{"taxonomy":"category","embeddable":true,"href":"https:\/\/www.caririemacao.com\/1\/wp-json\/wp\/v2\/categories?post=144556"},{"taxonomy":"post_tag","embeddable":true,"href":"https:\/\/www.caririemacao.com\/1\/wp-json\/wp\/v2\/tags?post=144556"}],"curies":[{"name":"wp","href":"https:\/\/api.w.org\/{rel}","templated":true}]}}