{"id":144560,"date":"2020-01-04T16:51:42","date_gmt":"2020-01-04T19:51:42","guid":{"rendered":"http:\/\/www.caririemacao.com\/1\/?p=144560"},"modified":"2020-01-04T16:51:42","modified_gmt":"2020-01-04T19:51:42","slug":"palmeiras-promove-varios-jogadores-da-base-para-a-temporada-2020","status":"publish","type":"post","link":"https:\/\/www.caririemacao.com\/1\/2020\/01\/04\/palmeiras-promove-varios-jogadores-da-base-para-a-temporada-2020\/","title":{"rendered":"Palmeiras promove v\u00e1rios jogadores da base para a temporada 2020"},"content":{"rendered":"\n<p>O Palmeiras ainda n\u00e3o anunciou nenhum refor\u00e7o no mercado da bola para a temporada 2020. Assim, com a pr\u00e9-temporada em vias de come\u00e7ar, o clube agendou a apresenta\u00e7\u00e3o de tr\u00eas dos nove jogadores das categorias de base promovidos ao time profissional para o retorno da equipe aos trabalhos: o lateral Lucas Esteves e os volantes Gabriel Menino e Patrick de Paula.<\/p>\n\n\n\n<p>O trio conquistou os t\u00edtulos do Paulista e da Copa do Brasil com o sub-20 no ano passado, al\u00e9m do Campeonato Brasileiro da categoria em 2018. Menino e Esteves tamb\u00e9m conquistaram a Copa do Brasil sub-17 em 2017.<\/p>\n\n\n\n<p>O lateral-esquerdo de 19 anos inclusive j\u00e1 estreou no time profissional no ano passado, em duelo com a Ponte Preta, no Paulista. Ele est\u00e1 no Palmeiras desde o sub-15 e \u00e9 considerado um dos destaques da gera\u00e7\u00e3o que conquistou tudo nas categorias de base.<\/p>\n\n\n\n<p>J\u00e1 o volante Menino chegou ao clube em 2017, ap\u00f3s se destacar pelo Guarani. Ainda no sub-17, ele conquistou t\u00edtulos e ganhou mais destaque quando chegou ao sub-20, sendo convocado para a sele\u00e7\u00e3o brasileira. Ele chegou a treinar com os profissionais no ano passado.<br>Patrick de Paula tamb\u00e9m chegou ao clube em 2017 ap\u00f3s se destacar no futebol amador do Rio de Janeiro e disputar a Ta\u00e7a das Favelas.<\/p>\n\n\n\n<p>Ele \u00e9 conhecido pela per\u00edcia em cobran\u00e7as de falta e pode atuar em todas as fun\u00e7\u00f5es do meio-campo e at\u00e9 como zagueiro. O atleta j\u00e1 tinha chamado aten\u00e7\u00e3o de Vanderlei Luxemburgo quando o t\u00e9cnico ainda comandava o Vasco, em atua\u00e7\u00e3o contra os cariocas em competi\u00e7\u00f5es de base.<\/p>\n\n\n\n<p>Al\u00e9m dos tr\u00eas, outros seis jogadores da base foram promovidos ao time profissional para a temporada 2020: o goleiro Vinicius, o zagueiro Pedr\u00e3o, o meia Allanzinho e os atacantes Gabriel Veron, Iv\u00e1n Angulo e Wesley Ribeiro.<\/p>\n","protected":false},"excerpt":{"rendered":"<p>O Palmeiras ainda n\u00e3o anunciou nenhum refor\u00e7o no mercado da bola para a temporada 2020. Assim, com a pr\u00e9-temporada em vias de come\u00e7ar, o clube&hellip; <\/p>\n","protected":false},"author":1,"featured_media":144562,"comment_status":"closed","ping_status":"closed","sticky":false,"template":"","format":"standard","meta":{"sfsi_plus_gutenberg_text_before_share":"","sfsi_plus_gutenberg_show_text_before_share":"","sfsi_plus_gutenberg_icon_type":"","sfsi_plus_gutenberg_icon_alignemt":"","sfsi_plus_gutenburg_max_per_row":"","footnotes":""},"categories":[13],"tags":[],"class_list":["post-144560","post","type-post","status-publish","format-standard","has-post-thumbnail","hentry","category-esportes"],"_links":{"self":[{"href":"https:\/\/www.caririemacao.com\/1\/wp-json\/wp\/v2\/posts\/144560","targetHints":{"allow":["GET"]}}],"collection":[{"href":"https:\/\/www.caririemacao.com\/1\/wp-json\/wp\/v2\/posts"}],"about":[{"href":"https:\/\/www.caririemacao.com\/1\/wp-json\/wp\/v2\/types\/post"}],"author":[{"embeddable":true,"href":"https:\/\/www.caririemacao.com\/1\/wp-json\/wp\/v2\/users\/1"}],"replies":[{"embeddable":true,"href":"https:\/\/www.caririemacao.com\/1\/wp-json\/wp\/v2\/comments?post=144560"}],"version-history":[{"count":1,"href":"https:\/\/www.caririemacao.com\/1\/wp-json\/wp\/v2\/posts\/144560\/revisions"}],"predecessor-version":[{"id":144563,"href":"https:\/\/www.caririemacao.com\/1\/wp-json\/wp\/v2\/posts\/144560\/revisions\/144563"}],"wp:featuredmedia":[{"embeddable":true,"href":"https:\/\/www.caririemacao.com\/1\/wp-json\/wp\/v2\/media\/144562"}],"wp:attachment":[{"href":"https:\/\/www.caririemacao.com\/1\/wp-json\/wp\/v2\/media?parent=144560"}],"wp:term":[{"taxonomy":"category","embeddable":true,"href":"https:\/\/www.caririemacao.com\/1\/wp-json\/wp\/v2\/categories?post=144560"},{"taxonomy":"post_tag","embeddable":true,"href":"https:\/\/www.caririemacao.com\/1\/wp-json\/wp\/v2\/tags?post=144560"}],"curies":[{"name":"wp","href":"https:\/\/api.w.org\/{rel}","templated":true}]}}