{"id":144565,"date":"2020-01-04T16:53:43","date_gmt":"2020-01-04T19:53:43","guid":{"rendered":"http:\/\/www.caririemacao.com\/1\/?p=144565"},"modified":"2020-01-04T16:53:43","modified_gmt":"2020-01-04T19:53:43","slug":"governo-defende-abstinencia-sexual-contra-gravidez-precoce","status":"publish","type":"post","link":"https:\/\/www.caririemacao.com\/1\/2020\/01\/04\/governo-defende-abstinencia-sexual-contra-gravidez-precoce\/","title":{"rendered":"Governo defende abstin\u00eancia sexual contra gravidez precoce"},"content":{"rendered":"\n<p>O governo do presidente Jair Bolsonaro incluiu uma nova frente nas pol\u00edticas adotadas para preven\u00e7\u00e3o da gravidez precoce e sexo seguro entre adolescentes: a abstin\u00eancia sexual. Os minist\u00e9rios da Mulher, Fam\u00edlia e Direitos Humanos (MDH) e da Sa\u00fade elaboraram pol\u00edticas para estimular jovens a deixarem de fazer sexo, uma iniciativa considerada controversa e ineficaz por estudiosos do assunto.<\/p>\n\n\n\n<p>O MDH, liderado pela ministra Damares Alves, passou a preparar eventos p\u00fablicos para promover a abstin\u00eancia sexual, sob o pretexto de discutir iniciativas voltadas \u00e0 preven\u00e7\u00e3o da gravidez na adolesc\u00eancia. Em um evento sobre gravidez precoce realizado em dezembro em um audit\u00f3rio da C\u00e2mara dos Deputados, a pasta convidou apenas defensores da abstin\u00eancia sexual. O p\u00fablico era essencialmente religioso.<\/p>\n\n\n\n<p>O minist\u00e9rio afirmou que usou como refer\u00eancia \u201cestudos cient\u00edficos e a normaliza\u00e7\u00e3o da espera como alternativa para inicia\u00e7\u00e3o da vida sexual em idade apropriada, considerando as vantagens psicol\u00f3gicas, emocionais, f\u00edsicas, sociais e econ\u00f4micas envolvidas, sem que isso implique em cr\u00edticas aos demais m\u00e9todos de preven\u00e7\u00e3o\u201d.<\/p>\n\n\n\n<p>Na entrada do audit\u00f3rio, dois cartazes criticavam o uso da camisinha como m\u00e9todo de preven\u00e7\u00e3o e afirmavam \u2014 sem qualquer respaldo cient\u00edfico \u2014 que poros no preservativo permitem a passagem do v\u00edrus HIV. Os respons\u00e1veis pelo evento negaram ter qualquer responsabilidade sobre os cartazes ou endossar o conte\u00fado ali expresso. Um padre recolheu o material ao fim do evento.<\/p>\n\n\n\n<p>De acordo com a Organiza\u00e7\u00e3o Mundial de Sa\u00fade (OMS), o Brasil tem uma \u00edndice de 56,4 nascimentos a cada mil mulheres adolescentes na segunda metade da d\u00e9cada \u2014 a taxa mundial \u00e9 de 44 para cada mil. Diante desse quadro, o MDH optou pelo que classifica de \u201cpreserva\u00e7\u00e3o sexual\u201d.<\/p>\n\n\n\n<p>Em nota, a pasta nega a promo\u00e7\u00e3o da abstin\u00eancia como pol\u00edtica de governo: \u201cA ideia \u00e9 garantir o empoderamento de meninas e meninos sobre o planejamento de vida e a consequ\u00eancia de suas escolhas\u201d, afirmou o minist\u00e9rio, em nota. \u201cA ideia de promover a preserva\u00e7\u00e3o sexual est\u00e1 sendo considerada como estrat\u00e9gia para redu\u00e7\u00e3o da gravidez na adolesc\u00eancia por ser o \u00fanico m\u00e9todo 100% eficaz e em raz\u00e3o de sua abordagem n\u00e3o ter sido implementada pelos governos anteriores\u201d.<\/p>\n\n\n\n<p>O MDH acrescenta que \u201ca preven\u00e7\u00e3o do risco sexual j\u00e1 \u00e9 pol\u00edtica em outros pa\u00edses com resultados exitosos em diversos indicadores sociais\u201d. A pasta n\u00e3o menciona a que pa\u00edses se refere e quais s\u00e3o esses indicadores.<\/p>\n\n\n\n<p>J\u00e1 o Minist\u00e9rio da Sa\u00fade decidiu acabar com a caderneta de sa\u00fade do adolescente \u2014 que, em cerca de dez anos, distribuiu mais de 32 milh\u00f5es de exemplares em unidades b\u00e1sicas de sa\u00fade. Nela h\u00e1 informa\u00e7\u00f5es sobre puberdade, sexo seguro e preven\u00e7\u00e3o da gravidez precoce. A pedido de Bolsonaro, a pasta publicou um of\u00edcio afirmando que o material \u201cter\u00e1 sua distribui\u00e7\u00e3o e uso descontinuado, at\u00e9 que se concluam as avalia\u00e7\u00f5es\u201d.<\/p>\n\n\n\n<p>Questionada a pasta sobre a raz\u00e3o do fim da caderneta e se ela ser\u00e1 retomada ou se outro material entrar\u00e1 em seu lugar. Por meio da assessoria de imprensa, o minist\u00e9rio afirmou que n\u00e3o responderia as perguntas.<\/p>\n\n\n\n<p><em>O Globo<\/em><\/p>\n","protected":false},"excerpt":{"rendered":"<p>O governo do presidente Jair Bolsonaro incluiu uma nova frente nas pol\u00edticas adotadas para preven\u00e7\u00e3o da gravidez precoce e sexo seguro entre adolescentes: a abstin\u00eancia&hellip; <\/p>\n","protected":false},"author":1,"featured_media":136793,"comment_status":"closed","ping_status":"closed","sticky":false,"template":"","format":"standard","meta":{"sfsi_plus_gutenberg_text_before_share":"","sfsi_plus_gutenberg_show_text_before_share":"","sfsi_plus_gutenberg_icon_type":"","sfsi_plus_gutenberg_icon_alignemt":"","sfsi_plus_gutenburg_max_per_row":"","footnotes":""},"categories":[11],"tags":[],"class_list":["post-144565","post","type-post","status-publish","format-standard","has-post-thumbnail","hentry","category-politica"],"_links":{"self":[{"href":"https:\/\/www.caririemacao.com\/1\/wp-json\/wp\/v2\/posts\/144565","targetHints":{"allow":["GET"]}}],"collection":[{"href":"https:\/\/www.caririemacao.com\/1\/wp-json\/wp\/v2\/posts"}],"about":[{"href":"https:\/\/www.caririemacao.com\/1\/wp-json\/wp\/v2\/types\/post"}],"author":[{"embeddable":true,"href":"https:\/\/www.caririemacao.com\/1\/wp-json\/wp\/v2\/users\/1"}],"replies":[{"embeddable":true,"href":"https:\/\/www.caririemacao.com\/1\/wp-json\/wp\/v2\/comments?post=144565"}],"version-history":[{"count":1,"href":"https:\/\/www.caririemacao.com\/1\/wp-json\/wp\/v2\/posts\/144565\/revisions"}],"predecessor-version":[{"id":144566,"href":"https:\/\/www.caririemacao.com\/1\/wp-json\/wp\/v2\/posts\/144565\/revisions\/144566"}],"wp:featuredmedia":[{"embeddable":true,"href":"https:\/\/www.caririemacao.com\/1\/wp-json\/wp\/v2\/media\/136793"}],"wp:attachment":[{"href":"https:\/\/www.caririemacao.com\/1\/wp-json\/wp\/v2\/media?parent=144565"}],"wp:term":[{"taxonomy":"category","embeddable":true,"href":"https:\/\/www.caririemacao.com\/1\/wp-json\/wp\/v2\/categories?post=144565"},{"taxonomy":"post_tag","embeddable":true,"href":"https:\/\/www.caririemacao.com\/1\/wp-json\/wp\/v2\/tags?post=144565"}],"curies":[{"name":"wp","href":"https:\/\/api.w.org\/{rel}","templated":true}]}}