{"id":144570,"date":"2020-01-05T09:02:57","date_gmt":"2020-01-05T12:02:57","guid":{"rendered":"http:\/\/www.caririemacao.com\/1\/?p=144570"},"modified":"2020-01-05T09:02:57","modified_gmt":"2020-01-05T12:02:57","slug":"monteiro-prefeitura-inicia-2020-recuperando-estradas-da-zona-rural","status":"publish","type":"post","link":"https:\/\/www.caririemacao.com\/1\/2020\/01\/05\/monteiro-prefeitura-inicia-2020-recuperando-estradas-da-zona-rural\/","title":{"rendered":"MONTEIRO: Prefeitura inicia 2020 recuperando estradas da zona rural"},"content":{"rendered":"\n<p>A prefeitura de Monteiro, atrav\u00e9s da Secretaria de Agricultura, Meio Ambiente e Desenvolvimento Sustent\u00e1vel, est\u00e1 finalizando os servi\u00e7os de recupera\u00e7\u00e3o das estradas vicinais do munic\u00edpio, que possui uma das maiores malhas vi\u00e1rias de estradas rurais do estado.<\/p>\n\n\n\n<p>Durante a \u00faltima quinta-feira (02), a m\u00e1quina de patrolamento finalizou a recupera\u00e7\u00e3o e manuten\u00e7\u00e3o das estradas das comunidades dos s\u00edtios Cupiras, Riacho do Meio e Jerimum. J\u00e1 na sexta-feira (03), foram realizados os servi\u00e7os nas comunidades de Moc\u00f3 de Baixo e Moc\u00f3 de Cima.<\/p>\n\n\n\n<p>A execu\u00e7\u00e3o dos servi\u00e7os vem atender uma demanda apresentada \u00e0 prefeita Anna Lorena, feita pelos presidentes de associa\u00e7\u00f5es rurais nas assembleias do programa \u201cDialogando Com o Povo\u201d, realizado durante todo o ano em todas as comunidades rurais do munic\u00edpio.<\/p>\n\n\n\n<p>Al\u00e9m da recupera\u00e7\u00e3o das estradas, est\u00e3o sendo feitos os servi\u00e7os de recupera\u00e7\u00e3o das pra\u00e7as de esporte nas comunidades onde existem campos de futebol.<\/p>\n\n\n\n<p>Anna Lorena, disse que a manuten\u00e7\u00e3o das estradas da zona rural, tem uma import\u00e2ncia fundamental pro pequeno produtor rural, que pode escoar sua produ\u00e7\u00e3o de hortali\u00e7as, caprinos, ovinos e leite com maior facilidade, al\u00e9m de garantir a seguran\u00e7a de uma popula\u00e7\u00e3o que, em quase 90% dos casos, tem a motocicleta como \u00fanico meio de transporte pessoal e familiar.<\/p>\n","protected":false},"excerpt":{"rendered":"<p>A prefeitura de Monteiro, atrav\u00e9s da Secretaria de Agricultura, Meio Ambiente e Desenvolvimento Sustent\u00e1vel, est\u00e1 finalizando os servi\u00e7os de recupera\u00e7\u00e3o das estradas vicinais do munic\u00edpio,&hellip; <\/p>\n","protected":false},"author":1,"featured_media":144572,"comment_status":"closed","ping_status":"closed","sticky":false,"template":"","format":"standard","meta":{"sfsi_plus_gutenberg_text_before_share":"","sfsi_plus_gutenberg_show_text_before_share":"","sfsi_plus_gutenberg_icon_type":"","sfsi_plus_gutenberg_icon_alignemt":"","sfsi_plus_gutenburg_max_per_row":"","footnotes":""},"categories":[6,50],"tags":[],"class_list":["post-144570","post","type-post","status-publish","format-standard","has-post-thumbnail","hentry","category-cidades","category-destaque"],"_links":{"self":[{"href":"https:\/\/www.caririemacao.com\/1\/wp-json\/wp\/v2\/posts\/144570","targetHints":{"allow":["GET"]}}],"collection":[{"href":"https:\/\/www.caririemacao.com\/1\/wp-json\/wp\/v2\/posts"}],"about":[{"href":"https:\/\/www.caririemacao.com\/1\/wp-json\/wp\/v2\/types\/post"}],"author":[{"embeddable":true,"href":"https:\/\/www.caririemacao.com\/1\/wp-json\/wp\/v2\/users\/1"}],"replies":[{"embeddable":true,"href":"https:\/\/www.caririemacao.com\/1\/wp-json\/wp\/v2\/comments?post=144570"}],"version-history":[{"count":1,"href":"https:\/\/www.caririemacao.com\/1\/wp-json\/wp\/v2\/posts\/144570\/revisions"}],"predecessor-version":[{"id":144573,"href":"https:\/\/www.caririemacao.com\/1\/wp-json\/wp\/v2\/posts\/144570\/revisions\/144573"}],"wp:featuredmedia":[{"embeddable":true,"href":"https:\/\/www.caririemacao.com\/1\/wp-json\/wp\/v2\/media\/144572"}],"wp:attachment":[{"href":"https:\/\/www.caririemacao.com\/1\/wp-json\/wp\/v2\/media?parent=144570"}],"wp:term":[{"taxonomy":"category","embeddable":true,"href":"https:\/\/www.caririemacao.com\/1\/wp-json\/wp\/v2\/categories?post=144570"},{"taxonomy":"post_tag","embeddable":true,"href":"https:\/\/www.caririemacao.com\/1\/wp-json\/wp\/v2\/tags?post=144570"}],"curies":[{"name":"wp","href":"https:\/\/api.w.org\/{rel}","templated":true}]}}