{"id":144587,"date":"2020-01-05T09:13:22","date_gmt":"2020-01-05T12:13:22","guid":{"rendered":"http:\/\/www.caririemacao.com\/1\/?p=144587"},"modified":"2020-01-05T09:13:22","modified_gmt":"2020-01-05T12:13:22","slug":"bolsonaro-diz-que-tem-suspeitas-sobre-morte-de-marielle","status":"publish","type":"post","link":"https:\/\/www.caririemacao.com\/1\/2020\/01\/05\/bolsonaro-diz-que-tem-suspeitas-sobre-morte-de-marielle\/","title":{"rendered":"Bolsonaro diz que tem suspeitas sobre morte de Marielle"},"content":{"rendered":"\n<p>O presidente Jair Bolsonaro (sem partido) disse neste s\u00e1bado (4) ter desconfian\u00e7as sobre quem matou a vereadora do Rio de Janeiro Marielle Franco (PSOL) e seu motorista, Anderson Gomes, mas n\u00e3o apresentou nenhum nome ou ind\u00edcio a respeito.&nbsp;<\/p>\n\n\n\n<p>Ao fazer uma transmiss\u00e3o ao vivo em rede social, na qual discorreu sobre v\u00e1rios temas, ele declarou, laconicamente: &#8220;Tenho minhas suspeitas de quem matou Marielle, suspeitas apenas, n\u00e9?&#8221;<\/p>\n\n\n\n<p>A fala se deu num momento em que o presidente reclamava de suposta persegui\u00e7\u00e3o promovida pelo governador do Rio, Wilson Witzel (PSC), e da Pol\u00edcia Civil do estado contra ele e seus familiares em investiga\u00e7\u00f5es.<\/p>\n\n\n\n<p>Bolsonaro citou o porteiro do condom\u00ednio no qual tem casa, no Rio, que disse em depoimento que \u00c9lcio Queiroz, ex-policial militar preso por envolvimento na morte de Marielle, esteve no local no dia do crime e afirmou na portaria que iria \u00e0 sua resid\u00eancia.&nbsp;<\/p>\n\n\n\n<p>Conforme o depoimento, noticiado inicialmente pela TV Globo, em outubro, ao interfonar para a casa de Bolsonaro, um homem com a mesma voz do presidente teria atendido e autorizado a entrada.&nbsp;<\/p>\n\n\n\n<p>O suspeito, no entanto, teria ido a outra casa dentro do condom\u00ednio, a de Ronnie Lessa, tamb\u00e9m preso sob suspeita de participar do crime.&nbsp;<\/p>\n\n\n\n<p>Naquela data, Bolsonaro estava em Bras\u00edlia. A contradi\u00e7\u00e3o no depoimento tamb\u00e9m foi noticiada pela TV Globo.<\/p>\n\n\n\n<p>Ap\u00f3s a repercuss\u00e3o do caso, o porteiro recuou e, em nova oitiva, disse ter errado ao atribuir a Bolsonaro a autoriza\u00e7\u00e3o para que Queiroz entrasse no condom\u00ednio.&nbsp;<\/p>\n\n\n\n<p>&#8220;No meu entender, ele [porteiro] assinou sem ler, foi pressionado ou subornado. A TV Globo p\u00f4s no ar&#8221;, disse o presidente durante a live.&nbsp;&nbsp;<\/p>\n\n\n\n<p>Bolsonaro afirmou que Witzel o avisara, ainda no in\u00edcio de outubro, do envio do processo com o depoimento que citava seu nome ao Supremo Tribunal Federal, em Bras\u00edlia. &#8220;Ele teve acesso a um processo que corria em segredo de Justi\u00e7a. E mais, quem interrogou foi um delegado da Pol\u00edcia Civil dele.&#8221;&nbsp;<\/p>\n\n\n\n<p>O presidente alegou que o governador do Rio sabe que n\u00e3o h\u00e1 nenhum ind\u00edcio contra a sua pessoa no caso Marielle, mas sabe, na condi\u00e7\u00e3o de ex-juiz, &#8220;o desgaste que isso&#8221; gera.<\/p>\n\n\n\n<p>&#8220;Qual interesse eu teria contra Marielle? Interesse zero, voc\u00eas nunca me viram conversando com ela, trocando uma mensagem com ela.&#8221;<\/p>\n\n\n\n<p>Dirigindo-se diretamente a Witzel, o presidente declarou: &#8220;Muito obrigado, governador, pelo trabalho que voc\u00eas est\u00e3o fazendo a\u00ed. Justi\u00e7a vai ser feita, mas n\u00e3o \u00e9 essa justi\u00e7a tua a\u00ed, de um setor do Judici\u00e1rio. No m\u00ednimo o que est\u00e1 acontecendo no RJ \u00e9 obstru\u00e7\u00e3o de Justi\u00e7a. Fica plantando essas not\u00edcias, com apoio do Jornal Nacional&#8221;.<\/p>\n\n\n\n<p>Witzel nega qualquer interfer\u00eancia no caso.&nbsp;<\/p>\n\n\n\n<p>Bolsonaro disse tamb\u00e9m que h\u00e1 persegui\u00e7\u00f5es em curso contra os filhos. Ele se referiu \u00e0 opera\u00e7\u00e3o comandada pelo Minist\u00e9rio P\u00fablico do Rio de Janeiro para apurar suposto envolvimento do senador Fl\u00e1vio Bolsonaro (sem partido-RJ) num esquema em seu antigo gabinete na Assembleia do estado.&nbsp;<\/p>\n\n\n\n<p>Em dezembro, a loja de chocolates do congressista foi alvo de busca e apreens\u00e3o. H\u00e1 suspeita de que o com\u00e9rcio tenha sido usado para lavar R$ 1,6 milh\u00e3o fruto do esquema em apura\u00e7\u00e3o.&nbsp;<\/p>\n\n\n\n<p>Ente os 24 alvos da a\u00e7\u00e3o, estavam ex-assessores de Fl\u00e1vio e parentes de Ana Cristiva Valle, ex-mulher de Bolsonaro.<\/p>\n\n\n\n<p>Em junho, a Justi\u00e7a determinou a quebra de sigilo de mais de 80 pessoas ligadas a Fl\u00e1vio e ao seu gabinete na Assembleia. Ele foi deputado de 2003 a 2018.<br>&#8220;O que est\u00e3o fazendo \u00e9 um absurdo, quebrando o sigilo de 90 pessoas ligadas a mim, ligadas ao meu filho. Busca e apreens\u00e3o na casa de pessoas que foram demitidas em 2008 e 2009. Uma barbaridade que o juiz de primeira inst\u00e2ncia est\u00e1 fazendo&#8221;, protestou o presidente.&nbsp;<\/p>\n\n\n\n<p>Sem dar qualquer detalhe a respeito e sem apresentar provas, ele disse ainda que tentaram forjar um flagrante de seu filho Carlos, vereador no Rio.&nbsp;<\/p>\n\n\n\n<p>&#8220;Armaram h\u00e1 pouco tempo uma busca e apreens\u00e3o na casa do meu filho Carlos, j\u00e1 com provas forjadas para jogar para cima dele, com dinheiro l\u00e1 dentro, com armas, com drogas. Quem est\u00e1 fazendo esse tipo de servi\u00e7o \u00e9 o mesmo [do] caso Marielle.&#8221;<\/p>\n","protected":false},"excerpt":{"rendered":"<p>O presidente Jair Bolsonaro (sem partido) disse neste s\u00e1bado (4) ter desconfian\u00e7as sobre quem matou a vereadora do Rio de Janeiro Marielle Franco (PSOL) e&hellip; <\/p>\n","protected":false},"author":1,"featured_media":144588,"comment_status":"closed","ping_status":"closed","sticky":false,"template":"","format":"standard","meta":{"sfsi_plus_gutenberg_text_before_share":"","sfsi_plus_gutenberg_show_text_before_share":"","sfsi_plus_gutenberg_icon_type":"","sfsi_plus_gutenberg_icon_alignemt":"","sfsi_plus_gutenburg_max_per_row":"","footnotes":""},"categories":[50,11],"tags":[],"class_list":["post-144587","post","type-post","status-publish","format-standard","has-post-thumbnail","hentry","category-destaque","category-politica"],"_links":{"self":[{"href":"https:\/\/www.caririemacao.com\/1\/wp-json\/wp\/v2\/posts\/144587","targetHints":{"allow":["GET"]}}],"collection":[{"href":"https:\/\/www.caririemacao.com\/1\/wp-json\/wp\/v2\/posts"}],"about":[{"href":"https:\/\/www.caririemacao.com\/1\/wp-json\/wp\/v2\/types\/post"}],"author":[{"embeddable":true,"href":"https:\/\/www.caririemacao.com\/1\/wp-json\/wp\/v2\/users\/1"}],"replies":[{"embeddable":true,"href":"https:\/\/www.caririemacao.com\/1\/wp-json\/wp\/v2\/comments?post=144587"}],"version-history":[{"count":1,"href":"https:\/\/www.caririemacao.com\/1\/wp-json\/wp\/v2\/posts\/144587\/revisions"}],"predecessor-version":[{"id":144589,"href":"https:\/\/www.caririemacao.com\/1\/wp-json\/wp\/v2\/posts\/144587\/revisions\/144589"}],"wp:featuredmedia":[{"embeddable":true,"href":"https:\/\/www.caririemacao.com\/1\/wp-json\/wp\/v2\/media\/144588"}],"wp:attachment":[{"href":"https:\/\/www.caririemacao.com\/1\/wp-json\/wp\/v2\/media?parent=144587"}],"wp:term":[{"taxonomy":"category","embeddable":true,"href":"https:\/\/www.caririemacao.com\/1\/wp-json\/wp\/v2\/categories?post=144587"},{"taxonomy":"post_tag","embeddable":true,"href":"https:\/\/www.caririemacao.com\/1\/wp-json\/wp\/v2\/tags?post=144587"}],"curies":[{"name":"wp","href":"https:\/\/api.w.org\/{rel}","templated":true}]}}