{"id":144600,"date":"2020-01-05T09:22:32","date_gmt":"2020-01-05T12:22:32","guid":{"rendered":"http:\/\/www.caririemacao.com\/1\/?p=144600"},"modified":"2020-01-05T09:22:32","modified_gmt":"2020-01-05T12:22:32","slug":"cruzeiro-tenta-repatriar-dirigente-para-montar-time-da-serie-b","status":"publish","type":"post","link":"https:\/\/www.caririemacao.com\/1\/2020\/01\/05\/cruzeiro-tenta-repatriar-dirigente-para-montar-time-da-serie-b\/","title":{"rendered":"Cruzeiro tenta repatriar dirigente para montar time da S\u00e9rie B"},"content":{"rendered":"\n<p>O Cruzeiro ir\u00e1 se reunir com Alexandre Mattos nos pr\u00f3ximos dias para tentar convenc\u00ea-lo a voltar para o clube celeste. Contudo, um eventual retorno do dirigente a Minas Gerais ser\u00e1 bastante distinto da sua primeira passagem, em 2012. Agora multicampe\u00e3o, Mattos vai encontrar um novo projeto da diretoria celeste, que prev\u00ea redu\u00e7\u00e3o salarial e nada de contrata\u00e7\u00f5es para 2020.<\/p>\n\n\n\n<p>Alexandre Mattos est\u00e1 desempregado desde o in\u00edcio de dezembro, quando foi demitido do Palmeiras. Com v\u00e1rios trabalhos em sequ\u00eancia, o dirigente aproveitou a pausa para viajar com a fam\u00edlia. Seu retorno est\u00e1 previsto para este final de semana. A partir desta segunda (6), ele j\u00e1 \u00e9 aguardado para conversar com Pedro Louren\u00e7o, respons\u00e1vel pelo departamento de futebol celeste e grande entusiasta do seu trabalho.<\/p>\n\n\n\n<p>Se quiser voltar ao Cruzeiro, Mattos ter\u00e1 que se adequar \u00e0 nova realidade do clube. A primeira delas \u00e9 a remunera\u00e7\u00e3o salarial. Os quatro t\u00edtulos brasileiros (dois com o Palmeiras e dois com o Cruzeiro) e um t\u00edtulo da Copa do Brasil (Palmeiras) o tornaram um dos dirigentes mais bem pagos do futebol brasileiro. Em situa\u00e7\u00e3o totalmente oposta, o Cruzeiro quer enxugar gastos e n\u00e3o tem condi\u00e7\u00f5es de pagar ao dirigente o montante que ele recebia no alviverde.<\/p>\n\n\n\n<p>\u201cTemos hoje uma limita\u00e7\u00e3o financeira, aspecto de avalia\u00e7\u00e3o e tudo mais. Estamos olhando essa parte. O Pedro [Louren\u00e7o, novo gestor] est\u00e1 mais na \u00e1rea de futebol, e ele pode comunicar a voc\u00eas. Mas n\u00e3o definimos um nome, n\u00e3o. Acredito que nas pr\u00f3ximas horas ou na segunda-feira ele apare\u00e7a. Mas, se n\u00e3o for, n\u00e3o h\u00e1 problema algum. Na ter\u00e7a, na quarta, ele apresenta. [Mattos] foi um nome ventilado, est\u00e1 sendo estudado, mas n\u00e3o h\u00e1 nenhuma defini\u00e7\u00e3o\u201d, comentou Saulo Fro\u00e9s, presidente no n\u00facleo diretivo transit\u00f3rio do Cruzeiro.<\/p>\n\n\n\n<p>Outra mudan\u00e7a que Mattos precisar\u00e1 adotar se aceitar a proposta do Cruzeiro \u00e9 em sua pol\u00edtica de contrata\u00e7\u00f5es. Principalmente no Palmeiras, o diretor contou com cifras elevadas para um bom time forte. Desta vez, ele teria mais trabalho para resolver o futuro dos atletas que est\u00e3o no elenco do que sair em busca de novos nomes.<\/p>\n\n\n\n<p>O teto salarial tra\u00e7ado pela diretoria ser\u00e1 de R$ 150 mil, e mais da metade do plantel recebe valores superiores a isso. Desta forma, um dos problemas mais urgentes \u00e9 resolver separadamente a situa\u00e7\u00e3o de cada jogador. E mesmo que fa\u00e7a uma grande economia, o dinheiro restante dever\u00e1 seguir para pagar outras pend\u00eancias, j\u00e1 que a diretoria n\u00e3o pretende contratar neste in\u00edcio de ano. Apesar disso, a situa\u00e7\u00e3o n\u00e3o seria in\u00e9dita para Mattos. Vale lembrar que ele chamou aten\u00e7\u00e3o no Cruzeiro por causa do trabalho feito no rival Am\u00e9rica-MG, onde foi campe\u00e3o da S\u00e9rie C em 2009.<\/p>\n\n\n\n<p>Al\u00e9m de Mattos, o Cruzeiro pensou em pelo menos um outro nome: Rodrigo Pastana, hoje no Coritiba, foi analisado, mas acabou descartado pela diretoria. Um terceiro dirigente tamb\u00e9m entrou na lista de prefer\u00eancias, mas seu nome \u00e9 mantido em sigilo. Certo \u00e9 que com a chegada do futuro diretor de futebol, Marcelo Djian, que hoje ocupa o cargo, dever\u00e1 deixar o clube.<\/p>\n","protected":false},"excerpt":{"rendered":"<p>O Cruzeiro ir\u00e1 se reunir com Alexandre Mattos nos pr\u00f3ximos dias para tentar convenc\u00ea-lo a voltar para o clube celeste. Contudo, um eventual retorno do&hellip; <\/p>\n","protected":false},"author":1,"featured_media":144601,"comment_status":"closed","ping_status":"closed","sticky":false,"template":"","format":"standard","meta":{"sfsi_plus_gutenberg_text_before_share":"","sfsi_plus_gutenberg_show_text_before_share":"","sfsi_plus_gutenberg_icon_type":"","sfsi_plus_gutenberg_icon_alignemt":"","sfsi_plus_gutenburg_max_per_row":"","footnotes":""},"categories":[13],"tags":[],"class_list":["post-144600","post","type-post","status-publish","format-standard","has-post-thumbnail","hentry","category-esportes"],"_links":{"self":[{"href":"https:\/\/www.caririemacao.com\/1\/wp-json\/wp\/v2\/posts\/144600","targetHints":{"allow":["GET"]}}],"collection":[{"href":"https:\/\/www.caririemacao.com\/1\/wp-json\/wp\/v2\/posts"}],"about":[{"href":"https:\/\/www.caririemacao.com\/1\/wp-json\/wp\/v2\/types\/post"}],"author":[{"embeddable":true,"href":"https:\/\/www.caririemacao.com\/1\/wp-json\/wp\/v2\/users\/1"}],"replies":[{"embeddable":true,"href":"https:\/\/www.caririemacao.com\/1\/wp-json\/wp\/v2\/comments?post=144600"}],"version-history":[{"count":1,"href":"https:\/\/www.caririemacao.com\/1\/wp-json\/wp\/v2\/posts\/144600\/revisions"}],"predecessor-version":[{"id":144602,"href":"https:\/\/www.caririemacao.com\/1\/wp-json\/wp\/v2\/posts\/144600\/revisions\/144602"}],"wp:featuredmedia":[{"embeddable":true,"href":"https:\/\/www.caririemacao.com\/1\/wp-json\/wp\/v2\/media\/144601"}],"wp:attachment":[{"href":"https:\/\/www.caririemacao.com\/1\/wp-json\/wp\/v2\/media?parent=144600"}],"wp:term":[{"taxonomy":"category","embeddable":true,"href":"https:\/\/www.caririemacao.com\/1\/wp-json\/wp\/v2\/categories?post=144600"},{"taxonomy":"post_tag","embeddable":true,"href":"https:\/\/www.caririemacao.com\/1\/wp-json\/wp\/v2\/tags?post=144600"}],"curies":[{"name":"wp","href":"https:\/\/api.w.org\/{rel}","templated":true}]}}