{"id":144631,"date":"2020-01-05T12:05:18","date_gmt":"2020-01-05T15:05:18","guid":{"rendered":"http:\/\/www.caririemacao.com\/1\/?p=144631"},"modified":"2020-01-05T12:05:18","modified_gmt":"2020-01-05T15:05:18","slug":"apos-delacao-efraim-filho-coloca-sigilo-bancario-telefonico-e-fiscal-a-disposicao-da-justica","status":"publish","type":"post","link":"https:\/\/www.caririemacao.com\/1\/2020\/01\/05\/apos-delacao-efraim-filho-coloca-sigilo-bancario-telefonico-e-fiscal-a-disposicao-da-justica\/","title":{"rendered":"Ap\u00f3s dela\u00e7\u00e3o, Efraim Filho coloca sigilo banc\u00e1rio, telef\u00f4nico e fiscal \u00e0 disposi\u00e7\u00e3o da Justi\u00e7a"},"content":{"rendered":"\n<p>O deputado estadual Efraim Filho negou a den\u00fancia da dela\u00e7\u00e3o da ex-secret\u00e1ria de Administra\u00e7\u00e3o da Para\u00edba, Liv\u00e2nia Farias.&nbsp;Em nota divulgada neste domingo (5), o parlamentar afirma que coloca seu sigilo banc\u00e1rio, telef\u00f4nico e fiscal \u00e0 disposi\u00e7\u00e3o da Justi\u00e7a e nega as acusa\u00e7\u00f5es.<\/p>\n\n\n\n<p>Confira a nota divulgada \u00e0 imprensa abaixo:<\/p>\n\n\n\n<p><em>NOTA \u00c0 IMPRENSA<\/em><\/p>\n\n\n\n<p><em>Quem n\u00e3o deve, n\u00e3o teme: coloco meu sigilo banc\u00e1rio, telef\u00f4nico e fiscal a disposi\u00e7\u00e3o da justi\u00e7a.&nbsp;<\/em><\/p>\n\n\n\n<p><em>Tomei ci\u00eancia pela imprensa da cita\u00e7\u00e3o do meu nome, nas investiga\u00e7\u00f5es em curso, como que no ano de 2014 tivesse recebido ajuda de campanha para apoiar a chapa do ent\u00e3o governador. Absolutamente nego essa ila\u00e7\u00e3o feita contra mim, sem apresentar uma prova ou sequer uma data. As contas da minha elei\u00e7\u00e3o 2014 foram analisadas, julgadas e aprovadas pela justi\u00e7a eleitoral.&nbsp;<\/em><\/p>\n\n\n\n<p><em>Ao recha\u00e7ar totalmente essa inver\u00eddica acusa\u00e7\u00e3o, e mesmo sem estar no rol de investigados pela opera\u00e7\u00e3o, coloco meu sigilo banc\u00e1rio, telef\u00f4nico e fiscal a disposi\u00e7\u00e3o da justi\u00e7a. Quem n\u00e3o deve n\u00e3o teme.<\/em><\/p>\n\n\n\n<p><em>Efraim Filho<\/em><\/p>\n","protected":false},"excerpt":{"rendered":"<p>O deputado estadual Efraim Filho negou a den\u00fancia da dela\u00e7\u00e3o da ex-secret\u00e1ria de Administra\u00e7\u00e3o da Para\u00edba, Liv\u00e2nia Farias.&nbsp;Em nota divulgada neste domingo (5), o parlamentar&hellip; <\/p>\n","protected":false},"author":1,"featured_media":47865,"comment_status":"closed","ping_status":"closed","sticky":false,"template":"","format":"standard","meta":{"sfsi_plus_gutenberg_text_before_share":"","sfsi_plus_gutenberg_show_text_before_share":"","sfsi_plus_gutenberg_icon_type":"","sfsi_plus_gutenberg_icon_alignemt":"","sfsi_plus_gutenburg_max_per_row":"","footnotes":""},"categories":[11],"tags":[],"class_list":["post-144631","post","type-post","status-publish","format-standard","has-post-thumbnail","hentry","category-politica"],"_links":{"self":[{"href":"https:\/\/www.caririemacao.com\/1\/wp-json\/wp\/v2\/posts\/144631","targetHints":{"allow":["GET"]}}],"collection":[{"href":"https:\/\/www.caririemacao.com\/1\/wp-json\/wp\/v2\/posts"}],"about":[{"href":"https:\/\/www.caririemacao.com\/1\/wp-json\/wp\/v2\/types\/post"}],"author":[{"embeddable":true,"href":"https:\/\/www.caririemacao.com\/1\/wp-json\/wp\/v2\/users\/1"}],"replies":[{"embeddable":true,"href":"https:\/\/www.caririemacao.com\/1\/wp-json\/wp\/v2\/comments?post=144631"}],"version-history":[{"count":1,"href":"https:\/\/www.caririemacao.com\/1\/wp-json\/wp\/v2\/posts\/144631\/revisions"}],"predecessor-version":[{"id":144632,"href":"https:\/\/www.caririemacao.com\/1\/wp-json\/wp\/v2\/posts\/144631\/revisions\/144632"}],"wp:featuredmedia":[{"embeddable":true,"href":"https:\/\/www.caririemacao.com\/1\/wp-json\/wp\/v2\/media\/47865"}],"wp:attachment":[{"href":"https:\/\/www.caririemacao.com\/1\/wp-json\/wp\/v2\/media?parent=144631"}],"wp:term":[{"taxonomy":"category","embeddable":true,"href":"https:\/\/www.caririemacao.com\/1\/wp-json\/wp\/v2\/categories?post=144631"},{"taxonomy":"post_tag","embeddable":true,"href":"https:\/\/www.caririemacao.com\/1\/wp-json\/wp\/v2\/tags?post=144631"}],"curies":[{"name":"wp","href":"https:\/\/api.w.org\/{rel}","templated":true}]}}