{"id":144635,"date":"2020-01-05T12:06:42","date_gmt":"2020-01-05T15:06:42","guid":{"rendered":"http:\/\/www.caririemacao.com\/1\/?p=144635"},"modified":"2020-01-05T12:06:42","modified_gmt":"2020-01-05T15:06:42","slug":"paraiba-vai-receber-r-11-milhoes-para-atendimento-de-pessoas-com-dificuldade-de-locomocao-em-21-municipios","status":"publish","type":"post","link":"https:\/\/www.caririemacao.com\/1\/2020\/01\/05\/paraiba-vai-receber-r-11-milhoes-para-atendimento-de-pessoas-com-dificuldade-de-locomocao-em-21-municipios\/","title":{"rendered":"Para\u00edba vai receber R$ 11 milh\u00f5es para atendimento de pessoas com dificuldade de locomo\u00e7\u00e3o em 21 munic\u00edpios"},"content":{"rendered":"\n<p>Um total de 21 munic\u00edpios da Para\u00edba devem receber R$ 11 milh\u00f5es para atendimento domiciliar de pacientes com dificuldade de se locomover, segundo o Minist\u00e9rio da Sa\u00fade. O repasse tem como objetivo diminuir a demanda por atendimento nos hospitais p\u00fablicos.<\/p>\n\n\n\n<p>De acordo com o Minist\u00e9rio, a verba \u00e9 destinada para a contrata\u00e7\u00e3o de 410 equipes do Sistema \u00fanico de Sa\u00fade (SUS) de Multiprofissionais de Aten\u00e7\u00e3o Domiciliar (Emad) e Multiprofissionais de Apoio (Emap). A quantia ser\u00e1 dividida entre as cidades e os valores est\u00e3o no Di\u00e1rio Oficial da Uni\u00e3o.<\/p>\n\n\n\n<p>As Emad s\u00e3o formadas por m\u00e9dicos, enfermeiros e t\u00e9cnicos de enfermagem que ofertam suporte m\u00e9dico completo aos pacientes que est\u00e3o acamados, e as Emap s\u00e3o compostas por tr\u00eas profissionais de assist\u00eancia social, fisioterapia, fonoaudiologia, nutri\u00e7\u00e3o, odontologia, psicologia, farm\u00e1cia ou terapia ocupacional.<\/p>\n\n\n\n<p>O objetivo do Minist\u00e9rio \u00e9 reduzir a demanda por atendimento nos hospitais e tamb\u00e9m evitar as interna\u00e7\u00f5es e reinterna\u00e7\u00f5es de pacientes, al\u00e9m de diminuir o tempo de perman\u00eancia de interna\u00e7\u00e3o dos usu\u00e1rios do SUS. Ser\u00e3o beneficiados os seguintes munic\u00edpios:<\/p>\n\n\n\n<ul class=\"wp-block-list\"><li>\u00c1gua Branca<\/li><li>Alcantil<\/li><li>Bel\u00e9m<\/li><li>Boa Ventura<\/li><li>Bonito de Santa F\u00e9<\/li><li>Campina Grande<\/li><li>Coremas<\/li><li>Esperan\u00e7a<\/li><li>Imaculada<\/li><li>Itabaiana<\/li><li>Ing\u00e1<\/li><li>Mamanguape<\/li><li>Patos<\/li><li>Princesa Isabel<\/li><li>Riach\u00e3o de Bacamarte<\/li><li>Santa Rita<\/li><li>S\u00e3o Bento<\/li><li>S\u00e3o Jo\u00e3o do Rio do Peixe<\/li><li>S\u00e3o Jos\u00e9 de Piranhas<\/li><li>Sap\u00e9<\/li><li>Sol\u00e2nea<\/li><li>Tavares<\/li><\/ul>\n\n\n\n<p><em>Com G1 PB<\/em><\/p>\n","protected":false},"excerpt":{"rendered":"<p>Um total de 21 munic\u00edpios da Para\u00edba devem receber R$ 11 milh\u00f5es para atendimento domiciliar de pacientes com dificuldade de se locomover, segundo o Minist\u00e9rio&hellip; <\/p>\n","protected":false},"author":1,"featured_media":83579,"comment_status":"closed","ping_status":"closed","sticky":false,"template":"","format":"standard","meta":{"sfsi_plus_gutenberg_text_before_share":"","sfsi_plus_gutenberg_show_text_before_share":"","sfsi_plus_gutenberg_icon_type":"","sfsi_plus_gutenberg_icon_alignemt":"","sfsi_plus_gutenburg_max_per_row":"","footnotes":""},"categories":[16],"tags":[],"class_list":["post-144635","post","type-post","status-publish","format-standard","has-post-thumbnail","hentry","category-saude"],"_links":{"self":[{"href":"https:\/\/www.caririemacao.com\/1\/wp-json\/wp\/v2\/posts\/144635","targetHints":{"allow":["GET"]}}],"collection":[{"href":"https:\/\/www.caririemacao.com\/1\/wp-json\/wp\/v2\/posts"}],"about":[{"href":"https:\/\/www.caririemacao.com\/1\/wp-json\/wp\/v2\/types\/post"}],"author":[{"embeddable":true,"href":"https:\/\/www.caririemacao.com\/1\/wp-json\/wp\/v2\/users\/1"}],"replies":[{"embeddable":true,"href":"https:\/\/www.caririemacao.com\/1\/wp-json\/wp\/v2\/comments?post=144635"}],"version-history":[{"count":2,"href":"https:\/\/www.caririemacao.com\/1\/wp-json\/wp\/v2\/posts\/144635\/revisions"}],"predecessor-version":[{"id":144640,"href":"https:\/\/www.caririemacao.com\/1\/wp-json\/wp\/v2\/posts\/144635\/revisions\/144640"}],"wp:featuredmedia":[{"embeddable":true,"href":"https:\/\/www.caririemacao.com\/1\/wp-json\/wp\/v2\/media\/83579"}],"wp:attachment":[{"href":"https:\/\/www.caririemacao.com\/1\/wp-json\/wp\/v2\/media?parent=144635"}],"wp:term":[{"taxonomy":"category","embeddable":true,"href":"https:\/\/www.caririemacao.com\/1\/wp-json\/wp\/v2\/categories?post=144635"},{"taxonomy":"post_tag","embeddable":true,"href":"https:\/\/www.caririemacao.com\/1\/wp-json\/wp\/v2\/tags?post=144635"}],"curies":[{"name":"wp","href":"https:\/\/api.w.org\/{rel}","templated":true}]}}