{"id":144643,"date":"2020-01-05T14:41:09","date_gmt":"2020-01-05T17:41:09","guid":{"rendered":"http:\/\/www.caririemacao.com\/1\/?p=144643"},"modified":"2020-01-05T14:41:09","modified_gmt":"2020-01-05T17:41:09","slug":"agora-dupla-rouba-moto-na-estrada-que-liga-santo-andre-a-parari","status":"publish","type":"post","link":"https:\/\/www.caririemacao.com\/1\/2020\/01\/05\/agora-dupla-rouba-moto-na-estrada-que-liga-santo-andre-a-parari\/","title":{"rendered":"AGORA: Dupla rouba moto na estrada que liga Santo Andr\u00e9 a Parari"},"content":{"rendered":"\n<p>Uma dupla armada e em uma moto tomou por assalto a moto de um santo-andreense. Carlinhos de Alcides teve sua moto roubada na PB 202, na entrada do s\u00edtio Ginete.<\/p>\n\n\n\n<p>Segundo informa\u00e7\u00f5es apuradas pelo portal De Olho no Cariri, a v\u00edtima estava entrando no s\u00edtio, \u00e0s margens da rodovia, quando foi abordada. A moto roubada era uma Honda Fan 150, de cor vinho, placa 1185 OEW.<\/p>\n\n\n\n<p>Os bandidos fugiram com destino a pr\u00f3pria cidade de Santo Andr\u00e9. Quem tiver informa\u00e7\u00f5es deve repassar para o 190 da PM ou o 191 da Pol\u00edcia Civil.<\/p>\n\n\n\n<p><strong>De Olho no Cariri<\/strong><\/p>\n","protected":false},"excerpt":{"rendered":"<p>Uma dupla armada e em uma moto tomou por assalto a moto de um santo-andreense. Carlinhos de Alcides teve sua moto roubada na PB 202,&hellip; <\/p>\n","protected":false},"author":1,"featured_media":144644,"comment_status":"closed","ping_status":"closed","sticky":false,"template":"","format":"standard","meta":{"sfsi_plus_gutenberg_text_before_share":"","sfsi_plus_gutenberg_show_text_before_share":"","sfsi_plus_gutenberg_icon_type":"","sfsi_plus_gutenberg_icon_alignemt":"","sfsi_plus_gutenburg_max_per_row":"","footnotes":""},"categories":[50,12],"tags":[],"class_list":["post-144643","post","type-post","status-publish","format-standard","has-post-thumbnail","hentry","category-destaque","category-policia"],"_links":{"self":[{"href":"https:\/\/www.caririemacao.com\/1\/wp-json\/wp\/v2\/posts\/144643","targetHints":{"allow":["GET"]}}],"collection":[{"href":"https:\/\/www.caririemacao.com\/1\/wp-json\/wp\/v2\/posts"}],"about":[{"href":"https:\/\/www.caririemacao.com\/1\/wp-json\/wp\/v2\/types\/post"}],"author":[{"embeddable":true,"href":"https:\/\/www.caririemacao.com\/1\/wp-json\/wp\/v2\/users\/1"}],"replies":[{"embeddable":true,"href":"https:\/\/www.caririemacao.com\/1\/wp-json\/wp\/v2\/comments?post=144643"}],"version-history":[{"count":1,"href":"https:\/\/www.caririemacao.com\/1\/wp-json\/wp\/v2\/posts\/144643\/revisions"}],"predecessor-version":[{"id":144645,"href":"https:\/\/www.caririemacao.com\/1\/wp-json\/wp\/v2\/posts\/144643\/revisions\/144645"}],"wp:featuredmedia":[{"embeddable":true,"href":"https:\/\/www.caririemacao.com\/1\/wp-json\/wp\/v2\/media\/144644"}],"wp:attachment":[{"href":"https:\/\/www.caririemacao.com\/1\/wp-json\/wp\/v2\/media?parent=144643"}],"wp:term":[{"taxonomy":"category","embeddable":true,"href":"https:\/\/www.caririemacao.com\/1\/wp-json\/wp\/v2\/categories?post=144643"},{"taxonomy":"post_tag","embeddable":true,"href":"https:\/\/www.caririemacao.com\/1\/wp-json\/wp\/v2\/tags?post=144643"}],"curies":[{"name":"wp","href":"https:\/\/api.w.org\/{rel}","templated":true}]}}