{"id":144655,"date":"2020-01-06T08:08:48","date_gmt":"2020-01-06T11:08:48","guid":{"rendered":"http:\/\/www.caririemacao.com\/1\/?p=144655"},"modified":"2020-01-06T08:08:48","modified_gmt":"2020-01-06T11:08:48","slug":"secretaria-municipal-de-saude-e-alvo-de-bandidos-em-monteiro","status":"publish","type":"post","link":"https:\/\/www.caririemacao.com\/1\/2020\/01\/06\/secretaria-municipal-de-saude-e-alvo-de-bandidos-em-monteiro\/","title":{"rendered":"Secretaria municipal de sa\u00fade \u00e9 alvo de bandidos em Monteiro"},"content":{"rendered":"\n<p>A secret\u00e1ria municipal de sa\u00fade foi alvo de bandidos na noite de s\u00e1bado para domingo (05), em&nbsp;Monteiro&nbsp;no cariri Paraibano.<\/p>\n\n\n\n<p>Segundo as primeiras informa\u00e7\u00f5es, os bandidos pularam o muro e<br>furtaram um computador de mesa, Tv led 40 polegadas e um identificador de senhas.<\/p>\n\n\n\n<p>At\u00e9 o momento ningu\u00e9m foi preso.<\/p>\n\n\n\n<p><\/p>\n\n\n\n<p>HORA1PB<\/p>\n","protected":false},"excerpt":{"rendered":"<p>A secret\u00e1ria municipal de sa\u00fade foi alvo de bandidos na noite de s\u00e1bado para domingo (05), em&nbsp;Monteiro&nbsp;no cariri Paraibano. Segundo as primeiras informa\u00e7\u00f5es, os bandidos&hellip; <\/p>\n","protected":false},"author":1,"featured_media":144656,"comment_status":"closed","ping_status":"closed","sticky":false,"template":"","format":"standard","meta":{"sfsi_plus_gutenberg_text_before_share":"","sfsi_plus_gutenberg_show_text_before_share":"","sfsi_plus_gutenberg_icon_type":"","sfsi_plus_gutenberg_icon_alignemt":"","sfsi_plus_gutenburg_max_per_row":"","footnotes":""},"categories":[50,12],"tags":[],"class_list":["post-144655","post","type-post","status-publish","format-standard","has-post-thumbnail","hentry","category-destaque","category-policia"],"_links":{"self":[{"href":"https:\/\/www.caririemacao.com\/1\/wp-json\/wp\/v2\/posts\/144655","targetHints":{"allow":["GET"]}}],"collection":[{"href":"https:\/\/www.caririemacao.com\/1\/wp-json\/wp\/v2\/posts"}],"about":[{"href":"https:\/\/www.caririemacao.com\/1\/wp-json\/wp\/v2\/types\/post"}],"author":[{"embeddable":true,"href":"https:\/\/www.caririemacao.com\/1\/wp-json\/wp\/v2\/users\/1"}],"replies":[{"embeddable":true,"href":"https:\/\/www.caririemacao.com\/1\/wp-json\/wp\/v2\/comments?post=144655"}],"version-history":[{"count":1,"href":"https:\/\/www.caririemacao.com\/1\/wp-json\/wp\/v2\/posts\/144655\/revisions"}],"predecessor-version":[{"id":144657,"href":"https:\/\/www.caririemacao.com\/1\/wp-json\/wp\/v2\/posts\/144655\/revisions\/144657"}],"wp:featuredmedia":[{"embeddable":true,"href":"https:\/\/www.caririemacao.com\/1\/wp-json\/wp\/v2\/media\/144656"}],"wp:attachment":[{"href":"https:\/\/www.caririemacao.com\/1\/wp-json\/wp\/v2\/media?parent=144655"}],"wp:term":[{"taxonomy":"category","embeddable":true,"href":"https:\/\/www.caririemacao.com\/1\/wp-json\/wp\/v2\/categories?post=144655"},{"taxonomy":"post_tag","embeddable":true,"href":"https:\/\/www.caririemacao.com\/1\/wp-json\/wp\/v2\/tags?post=144655"}],"curies":[{"name":"wp","href":"https:\/\/api.w.org\/{rel}","templated":true}]}}