{"id":144675,"date":"2020-01-06T08:26:51","date_gmt":"2020-01-06T11:26:51","guid":{"rendered":"http:\/\/www.caririemacao.com\/1\/?p=144675"},"modified":"2020-01-06T08:26:51","modified_gmt":"2020-01-06T11:26:51","slug":"projeto-umbu-do-cariri-faz-avaliacao-de-acoes-e-planeja-futuro-com-a-associacao-carimbu-2","status":"publish","type":"post","link":"https:\/\/www.caririemacao.com\/1\/2020\/01\/06\/projeto-umbu-do-cariri-faz-avaliacao-de-acoes-e-planeja-futuro-com-a-associacao-carimbu-2\/","title":{"rendered":"Projeto Umbu do Cariri faz avalia\u00e7\u00e3o de a\u00e7\u00f5es e planeja futuro com a associa\u00e7\u00e3o Carimbu"},"content":{"rendered":"\n<p>No&nbsp;\u00faltimo&nbsp;dia 20&nbsp;de dezembro&nbsp;foi realizada&nbsp;uma&nbsp;reuni\u00e3o de fechamento do projeto Umbu do Cariri, desenvolvido pela Unidade Acad\u00eamica de Tecnologia do Desenvolvimento&nbsp;do Centro de Desenvolvimento Sustent\u00e1vel do Semi\u00e1rido da UFCG&nbsp;com o objetivo de avaliar o desenvolvimento do projeto no ano de 2019 e realizar o planejamento para continuidade em 2020.&nbsp;O projeto tem&nbsp;como benefici\u00e1ria a Associa\u00e7\u00e3o dos Agricultores, Extrativistas e Artes\u00e3os do Cariri Paraibano \u2013 Carimbu.<\/p>\n\n\n\n<p>De acordo com a coordenadora do projeto,&nbsp;a t\u00e9cnica administrativa do CDSA,&nbsp;Carla Mailde Feitosa Santa Cruz, \u201cos principais avan\u00e7os destacados pelos s\u00f3cios&nbsp;e s\u00f3cias foram:&nbsp;a&nbsp;formaliza\u00e7\u00e3o e regularidade fiscal da associa\u00e7\u00e3o Carimbu; formaliza\u00e7\u00e3o de parcerias; capacita\u00e7\u00f5es recebidas; implanta\u00e7\u00e3o de um campo produtivo de mudas de umbu no Assentamento Mandacaru; empoderamento das mulheres; expans\u00e3o do mercado para comercializa\u00e7\u00e3o do umbu e derivados; interc\u00e2mbios em outras comunidades rurais e nos eventos; expans\u00e3o e visibilidade da marca Carimbu\u201d.<\/p>\n\n\n\n<p>\u201cNo ano de 2019 a safra de umbu na comunidade Caititu e no Assentamento Mandacaru durou aproximadamente dois meses, iniciando em mar\u00e7o e finalizando em maio. Neste per\u00edodo os s\u00f3cios da Carimbu conseguiram comercializar aproximadamente 7.100 kg de umbu&nbsp;<em>in natura&nbsp;<\/em>e armazenar 97 kg de polpa de umbu que foram utilizadas durante todo o ano para realiza\u00e7\u00e3o de capacita\u00e7\u00f5es e para produ\u00e7\u00e3o de derivados de umbu (geleia, licor e umbuzada)\u201d.<\/p>\n\n\n\n<p>\u201cDiante da continuidade do projeto umbu do cariri foram estabelecidas metas a serem alcan\u00e7adas em 2020 pela associa\u00e7\u00e3o&nbsp;Carimbu. Receber capacita\u00e7\u00f5es para atender ao Programa Nacional de Alimenta\u00e7\u00e3o Escolar \u2013 PNAE e o Programa de Aquisi\u00e7\u00e3o de Alimentos \u2013 PAA; divulgar o valor nutricional e inserir o umbu na merenda escolar dos munic\u00edpios do Cariri Paraibano; expandir os canais de comercializa\u00e7\u00e3o do umbu e derivados; receber capacita\u00e7\u00e3o em manejo para o extrativismo sustent\u00e1vel do umbu e realizar o plantio de mudas, est\u00e3o entre as principais metas elencadas pelo p\u00fablico da reuni\u00e3o. As integrantes da associa\u00e7\u00e3o que tamb\u00e9m s\u00e3o artes\u00e3s de renda renascen\u00e7a, elegeram como prioridade o investimento em capacita\u00e7\u00f5es para atender as demandas e lacunas existentes no setor\u201d,&nbsp;informou Carla Mailde.<\/p>\n\n\n\n<p>Os principais desafios relatados pelos agricultores e artes\u00e3s presentes se referiram a necessidade de investir em infraestrutura e m\u00e1quinas para o beneficiamento do umbu, j\u00e1 que o trabalho de beneficiamento que ocorre atualmente \u00e9 realizado manualmente. Este um aspecto primordial para estrutura\u00e7\u00e3o da&nbsp;cadeia produtiva do umbu e para gera\u00e7\u00e3o de renda para as comunidades rurais. Tamb\u00e9m&nbsp;foi&nbsp;destacado na reuni\u00e3o,&nbsp;a necessidade de assessoramento t\u00e9cnico permanente.<\/p>\n\n\n\n<p>Assimp CDSA\/UFCG<\/p>\n","protected":false},"excerpt":{"rendered":"<p>No&nbsp;\u00faltimo&nbsp;dia 20&nbsp;de dezembro&nbsp;foi realizada&nbsp;uma&nbsp;reuni\u00e3o de fechamento do projeto Umbu do Cariri, desenvolvido pela Unidade Acad\u00eamica de Tecnologia do Desenvolvimento&nbsp;do Centro de Desenvolvimento Sustent\u00e1vel do Semi\u00e1rido&hellip; <\/p>\n","protected":false},"author":1,"featured_media":144676,"comment_status":"closed","ping_status":"closed","sticky":false,"template":"","format":"standard","meta":{"sfsi_plus_gutenberg_text_before_share":"","sfsi_plus_gutenberg_show_text_before_share":"","sfsi_plus_gutenberg_icon_type":"","sfsi_plus_gutenberg_icon_alignemt":"","sfsi_plus_gutenburg_max_per_row":"","footnotes":""},"categories":[14],"tags":[],"class_list":["post-144675","post","type-post","status-publish","format-standard","has-post-thumbnail","hentry","category-educacao"],"_links":{"self":[{"href":"https:\/\/www.caririemacao.com\/1\/wp-json\/wp\/v2\/posts\/144675","targetHints":{"allow":["GET"]}}],"collection":[{"href":"https:\/\/www.caririemacao.com\/1\/wp-json\/wp\/v2\/posts"}],"about":[{"href":"https:\/\/www.caririemacao.com\/1\/wp-json\/wp\/v2\/types\/post"}],"author":[{"embeddable":true,"href":"https:\/\/www.caririemacao.com\/1\/wp-json\/wp\/v2\/users\/1"}],"replies":[{"embeddable":true,"href":"https:\/\/www.caririemacao.com\/1\/wp-json\/wp\/v2\/comments?post=144675"}],"version-history":[{"count":1,"href":"https:\/\/www.caririemacao.com\/1\/wp-json\/wp\/v2\/posts\/144675\/revisions"}],"predecessor-version":[{"id":144677,"href":"https:\/\/www.caririemacao.com\/1\/wp-json\/wp\/v2\/posts\/144675\/revisions\/144677"}],"wp:featuredmedia":[{"embeddable":true,"href":"https:\/\/www.caririemacao.com\/1\/wp-json\/wp\/v2\/media\/144676"}],"wp:attachment":[{"href":"https:\/\/www.caririemacao.com\/1\/wp-json\/wp\/v2\/media?parent=144675"}],"wp:term":[{"taxonomy":"category","embeddable":true,"href":"https:\/\/www.caririemacao.com\/1\/wp-json\/wp\/v2\/categories?post=144675"},{"taxonomy":"post_tag","embeddable":true,"href":"https:\/\/www.caririemacao.com\/1\/wp-json\/wp\/v2\/tags?post=144675"}],"curies":[{"name":"wp","href":"https:\/\/api.w.org\/{rel}","templated":true}]}}