{"id":144685,"date":"2020-01-06T08:47:36","date_gmt":"2020-01-06T11:47:36","guid":{"rendered":"http:\/\/www.caririemacao.com\/1\/?p=144685"},"modified":"2020-01-06T08:47:36","modified_gmt":"2020-01-06T11:47:36","slug":"bandidos-invadem-agencia-do-banco-do-brasil-e-roubam-revolveres-municoes-e-colete-de-protecao","status":"publish","type":"post","link":"https:\/\/www.caririemacao.com\/1\/2020\/01\/06\/bandidos-invadem-agencia-do-banco-do-brasil-e-roubam-revolveres-municoes-e-colete-de-protecao\/","title":{"rendered":"Bandidos invadem ag\u00eancia do Banco do Brasil e roubam rev\u00f3lveres, muni\u00e7\u00f5es e colete de prote\u00e7\u00e3o"},"content":{"rendered":"\n<p>Bandidos invadiram uma ag\u00eancia do Banco do Brasil, na noite deste domingo (5), e roubaram tr\u00eas rev\u00f3lveres, muni\u00e7\u00f5es e um colete de prote\u00e7\u00e3o. A institui\u00e7\u00e3o banc\u00e1ria est\u00e1 localizada na Avenida Pedro I.<\/p>\n\n\n\n<p>A Pol\u00edcia informou que os suspeitos realizaram um buraco na parede do banheiro do estabelecimento e tiveram acesso ao interior do banco.&nbsp;<\/p>\n\n\n\n<p>Os criminosos n\u00e3o tiveram acesso ao cofre e aos caixas eletr\u00f4nicos, visto que, nenhum deles foi danificado.&nbsp;<\/p>\n\n\n\n<p>At\u00e9 o momento, ningu\u00e9m foi preso.&nbsp;<\/p>\n","protected":false},"excerpt":{"rendered":"<p>Bandidos invadiram uma ag\u00eancia do Banco do Brasil, na noite deste domingo (5), e roubaram tr\u00eas rev\u00f3lveres, muni\u00e7\u00f5es e um colete de prote\u00e7\u00e3o. A institui\u00e7\u00e3o&hellip; <\/p>\n","protected":false},"author":1,"featured_media":133486,"comment_status":"closed","ping_status":"closed","sticky":false,"template":"","format":"standard","meta":{"sfsi_plus_gutenberg_text_before_share":"","sfsi_plus_gutenberg_show_text_before_share":"","sfsi_plus_gutenberg_icon_type":"","sfsi_plus_gutenberg_icon_alignemt":"","sfsi_plus_gutenburg_max_per_row":"","footnotes":""},"categories":[12],"tags":[],"class_list":["post-144685","post","type-post","status-publish","format-standard","has-post-thumbnail","hentry","category-policia"],"_links":{"self":[{"href":"https:\/\/www.caririemacao.com\/1\/wp-json\/wp\/v2\/posts\/144685","targetHints":{"allow":["GET"]}}],"collection":[{"href":"https:\/\/www.caririemacao.com\/1\/wp-json\/wp\/v2\/posts"}],"about":[{"href":"https:\/\/www.caririemacao.com\/1\/wp-json\/wp\/v2\/types\/post"}],"author":[{"embeddable":true,"href":"https:\/\/www.caririemacao.com\/1\/wp-json\/wp\/v2\/users\/1"}],"replies":[{"embeddable":true,"href":"https:\/\/www.caririemacao.com\/1\/wp-json\/wp\/v2\/comments?post=144685"}],"version-history":[{"count":1,"href":"https:\/\/www.caririemacao.com\/1\/wp-json\/wp\/v2\/posts\/144685\/revisions"}],"predecessor-version":[{"id":144686,"href":"https:\/\/www.caririemacao.com\/1\/wp-json\/wp\/v2\/posts\/144685\/revisions\/144686"}],"wp:featuredmedia":[{"embeddable":true,"href":"https:\/\/www.caririemacao.com\/1\/wp-json\/wp\/v2\/media\/133486"}],"wp:attachment":[{"href":"https:\/\/www.caririemacao.com\/1\/wp-json\/wp\/v2\/media?parent=144685"}],"wp:term":[{"taxonomy":"category","embeddable":true,"href":"https:\/\/www.caririemacao.com\/1\/wp-json\/wp\/v2\/categories?post=144685"},{"taxonomy":"post_tag","embeddable":true,"href":"https:\/\/www.caririemacao.com\/1\/wp-json\/wp\/v2\/tags?post=144685"}],"curies":[{"name":"wp","href":"https:\/\/api.w.org\/{rel}","templated":true}]}}