{"id":144689,"date":"2020-01-06T08:48:53","date_gmt":"2020-01-06T11:48:53","guid":{"rendered":"http:\/\/www.caririemacao.com\/1\/?p=144689"},"modified":"2020-01-06T08:48:53","modified_gmt":"2020-01-06T11:48:53","slug":"joao-azevedo-apresenta-prestacao-de-contas-do-governo-da-paraiba-de-2019","status":"publish","type":"post","link":"https:\/\/www.caririemacao.com\/1\/2020\/01\/06\/joao-azevedo-apresenta-prestacao-de-contas-do-governo-da-paraiba-de-2019\/","title":{"rendered":"Jo\u00e3o Azev\u00eado apresenta presta\u00e7\u00e3o de contas do Governo da Para\u00edba de 2019"},"content":{"rendered":"\n<p>O governador Jo\u00e3o Azev\u00eado apresenta, nesta segunda-feira (6), \u00e0s 10h, no Teatro Paulo Pontes, a presta\u00e7\u00e3o de contas das a\u00e7\u00f5es do Governo da Para\u00edba,&nbsp;&nbsp;em 2019.<\/p>\n\n\n\n<p>Na ocasi\u00e3o, o chefe do Executivo estadual tamb\u00e9m anuncia os investimentos previstos para o Estado, no ano de 2020.<\/p>\n","protected":false},"excerpt":{"rendered":"<p>O governador Jo\u00e3o Azev\u00eado apresenta, nesta segunda-feira (6), \u00e0s 10h, no Teatro Paulo Pontes, a presta\u00e7\u00e3o de contas das a\u00e7\u00f5es do Governo da Para\u00edba,&nbsp;&nbsp;em 2019.&hellip; <\/p>\n","protected":false},"author":1,"featured_media":124170,"comment_status":"closed","ping_status":"closed","sticky":false,"template":"","format":"standard","meta":{"sfsi_plus_gutenberg_text_before_share":"","sfsi_plus_gutenberg_show_text_before_share":"","sfsi_plus_gutenberg_icon_type":"","sfsi_plus_gutenberg_icon_alignemt":"","sfsi_plus_gutenburg_max_per_row":"","footnotes":""},"categories":[11],"tags":[],"class_list":["post-144689","post","type-post","status-publish","format-standard","has-post-thumbnail","hentry","category-politica"],"_links":{"self":[{"href":"https:\/\/www.caririemacao.com\/1\/wp-json\/wp\/v2\/posts\/144689","targetHints":{"allow":["GET"]}}],"collection":[{"href":"https:\/\/www.caririemacao.com\/1\/wp-json\/wp\/v2\/posts"}],"about":[{"href":"https:\/\/www.caririemacao.com\/1\/wp-json\/wp\/v2\/types\/post"}],"author":[{"embeddable":true,"href":"https:\/\/www.caririemacao.com\/1\/wp-json\/wp\/v2\/users\/1"}],"replies":[{"embeddable":true,"href":"https:\/\/www.caririemacao.com\/1\/wp-json\/wp\/v2\/comments?post=144689"}],"version-history":[{"count":1,"href":"https:\/\/www.caririemacao.com\/1\/wp-json\/wp\/v2\/posts\/144689\/revisions"}],"predecessor-version":[{"id":144690,"href":"https:\/\/www.caririemacao.com\/1\/wp-json\/wp\/v2\/posts\/144689\/revisions\/144690"}],"wp:featuredmedia":[{"embeddable":true,"href":"https:\/\/www.caririemacao.com\/1\/wp-json\/wp\/v2\/media\/124170"}],"wp:attachment":[{"href":"https:\/\/www.caririemacao.com\/1\/wp-json\/wp\/v2\/media?parent=144689"}],"wp:term":[{"taxonomy":"category","embeddable":true,"href":"https:\/\/www.caririemacao.com\/1\/wp-json\/wp\/v2\/categories?post=144689"},{"taxonomy":"post_tag","embeddable":true,"href":"https:\/\/www.caririemacao.com\/1\/wp-json\/wp\/v2\/tags?post=144689"}],"curies":[{"name":"wp","href":"https:\/\/api.w.org\/{rel}","templated":true}]}}