{"id":144693,"date":"2020-01-06T08:50:16","date_gmt":"2020-01-06T11:50:16","guid":{"rendered":"http:\/\/www.caririemacao.com\/1\/?p=144693"},"modified":"2020-01-06T08:50:16","modified_gmt":"2020-01-06T11:50:16","slug":"prefeitura-de-cabedelo-inscreve-para-concurso-publico-a-partir-desta-segunda-feira","status":"publish","type":"post","link":"https:\/\/www.caririemacao.com\/1\/2020\/01\/06\/prefeitura-de-cabedelo-inscreve-para-concurso-publico-a-partir-desta-segunda-feira\/","title":{"rendered":"Prefeitura de Cabedelo inscreve para concurso p\u00fablico a partir desta segunda-feira"},"content":{"rendered":"\n<p>A Prefeitura Municipal de Cabedelo inscreve a partir desta segunda-feira (6), para o concurso p\u00fablico com 276 vagas.&nbsp;&nbsp;<\/p>\n\n\n\n<p><a href=\"https:\/\/www.clickpb.com.br\/media\/filer_public\/7b\/01\/7b0186c8-3d3a-46f2-ac5c-07912373b883\/edital-de-abertura-cabedelo.pdf\">Confira aqui o edital.<\/a><\/p>\n\n\n\n<p>As inscri\u00e7\u00f5es ser\u00e3o realizadas a partir das 14hs do desta segunda (6), at\u00e9 9&nbsp;de fevereiro,&nbsp;<a href=\"https:\/\/educapb.com.br\/cabedelo\/\">no site da banca organizadora.<\/a><\/p>\n\n\n\n<p>Para os cargos de N\u00edvel Superior, as inscri\u00e7\u00f5es custam R$ 40,00; para n\u00edvel M\u00e9dio, R$ 30,00; e para os n\u00edveis M\u00e9dio\/T\u00e9cnico, R$ 15,00.<\/p>\n\n\n\n<p>O Concurso prev\u00ea vagas para as seguintes fun\u00e7\u00f5es: Agente Comunit\u00e1rio de Sa\u00fade, Agente de Endemias, Agente de Tr\u00e2nsito, Auxiliar de Sa\u00fade Bucal, Cuidador da Educa\u00e7\u00e3o Inclusiva, Guarda Civil Metropolitana, Interprete de Libras, T\u00e9cnico em Auditoria de Controle Interno, Auditor de Controle Interno, Bibliotec\u00e1rio, Professor Educa\u00e7\u00e3o B\u00e1sica I, Educa\u00e7\u00e3o F\u00edsica, L\u00edngua Portuguesa, L\u00edngua Inglesa, Artes Visuais, Hist\u00f3ria, Geografia, Ci\u00eancias e Matem\u00e1tica.<\/p>\n\n\n\n<p>As provas est\u00e3o programadas para o dia 8 de mar\u00e7o.<\/p>\n","protected":false},"excerpt":{"rendered":"<p>A Prefeitura Municipal de Cabedelo inscreve a partir desta segunda-feira (6), para o concurso p\u00fablico com 276 vagas.&nbsp;&nbsp; Confira aqui o edital. As inscri\u00e7\u00f5es ser\u00e3o&hellip; <\/p>\n","protected":false},"author":1,"featured_media":68227,"comment_status":"closed","ping_status":"closed","sticky":false,"template":"","format":"standard","meta":{"sfsi_plus_gutenberg_text_before_share":"","sfsi_plus_gutenberg_show_text_before_share":"","sfsi_plus_gutenberg_icon_type":"","sfsi_plus_gutenberg_icon_alignemt":"","sfsi_plus_gutenburg_max_per_row":"","footnotes":""},"categories":[6],"tags":[],"class_list":["post-144693","post","type-post","status-publish","format-standard","has-post-thumbnail","hentry","category-cidades"],"_links":{"self":[{"href":"https:\/\/www.caririemacao.com\/1\/wp-json\/wp\/v2\/posts\/144693","targetHints":{"allow":["GET"]}}],"collection":[{"href":"https:\/\/www.caririemacao.com\/1\/wp-json\/wp\/v2\/posts"}],"about":[{"href":"https:\/\/www.caririemacao.com\/1\/wp-json\/wp\/v2\/types\/post"}],"author":[{"embeddable":true,"href":"https:\/\/www.caririemacao.com\/1\/wp-json\/wp\/v2\/users\/1"}],"replies":[{"embeddable":true,"href":"https:\/\/www.caririemacao.com\/1\/wp-json\/wp\/v2\/comments?post=144693"}],"version-history":[{"count":1,"href":"https:\/\/www.caririemacao.com\/1\/wp-json\/wp\/v2\/posts\/144693\/revisions"}],"predecessor-version":[{"id":144694,"href":"https:\/\/www.caririemacao.com\/1\/wp-json\/wp\/v2\/posts\/144693\/revisions\/144694"}],"wp:featuredmedia":[{"embeddable":true,"href":"https:\/\/www.caririemacao.com\/1\/wp-json\/wp\/v2\/media\/68227"}],"wp:attachment":[{"href":"https:\/\/www.caririemacao.com\/1\/wp-json\/wp\/v2\/media?parent=144693"}],"wp:term":[{"taxonomy":"category","embeddable":true,"href":"https:\/\/www.caririemacao.com\/1\/wp-json\/wp\/v2\/categories?post=144693"},{"taxonomy":"post_tag","embeddable":true,"href":"https:\/\/www.caririemacao.com\/1\/wp-json\/wp\/v2\/tags?post=144693"}],"curies":[{"name":"wp","href":"https:\/\/api.w.org\/{rel}","templated":true}]}}