{"id":144703,"date":"2020-01-06T08:53:11","date_gmt":"2020-01-06T11:53:11","guid":{"rendered":"http:\/\/www.caririemacao.com\/1\/?p=144703"},"modified":"2020-01-06T08:53:11","modified_gmt":"2020-01-06T11:53:11","slug":"datafolha-moro-tem-33-de-alta-confianca-e-lula-30","status":"publish","type":"post","link":"https:\/\/www.caririemacao.com\/1\/2020\/01\/06\/datafolha-moro-tem-33-de-alta-confianca-e-lula-30\/","title":{"rendered":"Datafolha: Moro tem 33% de alta confian\u00e7a e Lula 30%"},"content":{"rendered":"\n<p>Pesquisa Datafolha publicada neste domingo (5) pelo Jornal &#8220;Folha de S. Paulo&#8221; mostra que o ministro da Justi\u00e7a e Seguran\u00e7a P\u00fablica, Sergio Moro, tem o maior \u00edndice de confian\u00e7a entre 12 figuras do cen\u00e1rio pol\u00edtico pesquisadas.<br><\/p>\n\n\n\n<p>A pesquisa mostra que 33% dos entrevistados t\u00eam alta confian\u00e7a em Moro, 23% dizem ter m\u00e9dia confian\u00e7a, e 42%, baixa confian\u00e7a.<\/p>\n\n\n\n<p>O ex-presidente Lula tem 30% de alta confian\u00e7a, 16% de m\u00e9dia e 53% de baixa.<\/p>\n\n\n\n<p>Apesar de empatar dentro da margem de erro com o ex-juiz no quesito alta confian\u00e7a, o Datafolha considera que o ex-presidente fica em segundo lugar entre as 12 figuras por ter \u00edndices piores de m\u00e9dia e baixa confiabilidade.<\/p>\n\n\n\n<p>O instituto pediu que os entrevistados dissessem, em uma escala de 0 a 10, qual o n\u00edvel de confian\u00e7a que tinham em cada um dos integrantes da lista. As notas at\u00e9 5 s\u00e3o consideradas baixo \u00edndice de confian\u00e7a, de 6 a 8, m\u00e9dio, e 9 e 10, alto. O \u00edndice leva em conta as notas atribu\u00eddas por aqueles que dizem conhecer a personalidade em quest\u00e3o.<\/p>\n\n\n\n<p>O levantamento do Datafolha ouviu 2.948 pessoas em 5 e 6 de dezembro em 176 munic\u00edpios de todas as regi\u00f5es do pa\u00eds. A margem de erro \u00e9 de 2 pontos percentuais para mais ou para menos e o \u00edndice de confian\u00e7a \u00e9 de 95%.<\/p>\n\n\n\n<p>Na sequ\u00eancia, est\u00e3o empatados na margem de erro o presidente Jair Bolsonaro, com 22% de alta confian\u00e7a, 22% de m\u00e9dia e de 55% baixa; e Luciano Huck, com 21% de alta, 22% m\u00e9dia e 55% baixa.<\/p>\n","protected":false},"excerpt":{"rendered":"<p>Pesquisa Datafolha publicada neste domingo (5) pelo Jornal &#8220;Folha de S. Paulo&#8221; mostra que o ministro da Justi\u00e7a e Seguran\u00e7a P\u00fablica, Sergio Moro, tem o&hellip; <\/p>\n","protected":false},"author":1,"featured_media":988,"comment_status":"closed","ping_status":"closed","sticky":false,"template":"","format":"standard","meta":{"sfsi_plus_gutenberg_text_before_share":"","sfsi_plus_gutenberg_show_text_before_share":"","sfsi_plus_gutenberg_icon_type":"","sfsi_plus_gutenberg_icon_alignemt":"","sfsi_plus_gutenburg_max_per_row":"","footnotes":""},"categories":[50,11],"tags":[],"class_list":["post-144703","post","type-post","status-publish","format-standard","has-post-thumbnail","hentry","category-destaque","category-politica"],"_links":{"self":[{"href":"https:\/\/www.caririemacao.com\/1\/wp-json\/wp\/v2\/posts\/144703","targetHints":{"allow":["GET"]}}],"collection":[{"href":"https:\/\/www.caririemacao.com\/1\/wp-json\/wp\/v2\/posts"}],"about":[{"href":"https:\/\/www.caririemacao.com\/1\/wp-json\/wp\/v2\/types\/post"}],"author":[{"embeddable":true,"href":"https:\/\/www.caririemacao.com\/1\/wp-json\/wp\/v2\/users\/1"}],"replies":[{"embeddable":true,"href":"https:\/\/www.caririemacao.com\/1\/wp-json\/wp\/v2\/comments?post=144703"}],"version-history":[{"count":1,"href":"https:\/\/www.caririemacao.com\/1\/wp-json\/wp\/v2\/posts\/144703\/revisions"}],"predecessor-version":[{"id":144704,"href":"https:\/\/www.caririemacao.com\/1\/wp-json\/wp\/v2\/posts\/144703\/revisions\/144704"}],"wp:featuredmedia":[{"embeddable":true,"href":"https:\/\/www.caririemacao.com\/1\/wp-json\/wp\/v2\/media\/988"}],"wp:attachment":[{"href":"https:\/\/www.caririemacao.com\/1\/wp-json\/wp\/v2\/media?parent=144703"}],"wp:term":[{"taxonomy":"category","embeddable":true,"href":"https:\/\/www.caririemacao.com\/1\/wp-json\/wp\/v2\/categories?post=144703"},{"taxonomy":"post_tag","embeddable":true,"href":"https:\/\/www.caririemacao.com\/1\/wp-json\/wp\/v2\/tags?post=144703"}],"curies":[{"name":"wp","href":"https:\/\/api.w.org\/{rel}","templated":true}]}}