{"id":144708,"date":"2020-01-06T08:58:12","date_gmt":"2020-01-06T11:58:12","guid":{"rendered":"http:\/\/www.caririemacao.com\/1\/?p=144708"},"modified":"2020-01-06T08:58:12","modified_gmt":"2020-01-06T11:58:12","slug":"saiba-como-prevenir-cancer-nos-olhos","status":"publish","type":"post","link":"https:\/\/www.caririemacao.com\/1\/2020\/01\/06\/saiba-como-prevenir-cancer-nos-olhos\/","title":{"rendered":"Saiba como prevenir c\u00e2ncer nos olhos"},"content":{"rendered":"\n<p>Visitas frequentes ao oftalmologista e a realiza\u00e7\u00e3o de exames de rotina podem ajudar a prevenir um tipo de c\u00e2ncer raro: o que atinge os olhos. O melanoma ocular \u2013 c\u00e2ncer que atinge c\u00e9lulas produtoras de melanina, pigmento respons\u00e1vel pela colora\u00e7\u00e3o da pele e dos olhos \u2013 \u00e9 o c\u00e2ncer de olho mais comum em pessoas adultas, mas, geralmente, n\u00e3o apresenta sintomas e pode evoluir com gravidade, causando met\u00e1stase, ou seja, espalhando a doen\u00e7a para outros \u00f3rg\u00e3os do corpo.<\/p>\n\n\n\n<p>\u201cOs pacientes podem n\u00e3o apresentar nenhum sinal de que algo esteja errado, e o tumor ser percebido durante o exame de rotina com o oftalmologista. Em outros casos, o melanoma pode causar altera\u00e7\u00f5es ou dificuldades visuais que fazem o paciente procurar uma ajuda m\u00e9dica que acaba resultando na descoberta da doen\u00e7a\u201d, destaca a oncologista do Centro Paulista de Oncologia (CPO), Sheila Ferreira.<\/p>\n\n\n\n<p>Segundo a m\u00e9dica, a causa do melanoma ocular \u00e9 desconhecida, mas alguns fatores de risco para o desenvolvimento da doen\u00e7a j\u00e1 foram identificados. A incid\u00eancia da doen\u00e7a aumenta com o envelhecimento e ocorre mais em homens, assim como em pessoas com pele clara, cabelos claros e olhos claros.<\/p>\n\n\n\n<p>Portadores da s\u00edndrome do nevo displ\u00e1sico (m\u00faltiplas pintas pelo corpo) tamb\u00e9m t\u00eam risco aumentado de apresentar o melanoma, assim como quem tem diferentes tipos de sinais no olho ou na pele.<\/p>\n\n\n\n<p>De acordo com a especialista, fatores ambientais parecem n\u00e3o ter rela\u00e7\u00e3o com o melanoma ocular e sua associa\u00e7\u00e3o com exposi\u00e7\u00e3o solar \u00e9 incerta. A radia\u00e7\u00e3o ultravioleta, no entanto, parece predispor a outro tipo de c\u00e2ncer, o melanoma de conjuntiva (membrana transparente que recobre a parte branca do olho) e palpebral.<\/p>\n\n\n\n<p>\u201cPor isso, o uso de \u00f3culos escuros pode contribuir para a preven\u00e7\u00e3o da doen\u00e7a nessas regi\u00f5es do olho. Usar chap\u00e9us de aba larga e bon\u00e9s tamb\u00e9m pode resguardar os olhos dos raios ultravioletas\u201d, ressalta a m\u00e9dica.<\/p>\n\n\n\n<p>Quando diagnosticado tardiamente, o melanoma ocular pode se espalhar para outros \u00f3rg\u00e3os, sendo o f\u00edgado o \u00f3rg\u00e3o mais acometido, segundo a especialista. Nestes casos, os tratamentos podem incluir cirurgia da met\u00e1stase, emboliza\u00e7\u00e3o da les\u00e3o (inje\u00e7\u00e3o de subst\u00e2ncias no intuito de bloquear ou diminuir o fluxo de sangue para as c\u00e9lulas cancer\u00edgenas), quimioterapia, ou imunoterapia.<\/p>\n\n\n\n<p>A m\u00e9dica ressalta que a doen\u00e7a n\u00e3o se desenvolve apenas em quem apresenta fatores de risco, o que torna fundamental visitas frequentes a um oftalmologista.<\/p>\n","protected":false},"excerpt":{"rendered":"<p>Visitas frequentes ao oftalmologista e a realiza\u00e7\u00e3o de exames de rotina podem ajudar a prevenir um tipo de c\u00e2ncer raro: o que atinge os olhos.&hellip; <\/p>\n","protected":false},"author":1,"featured_media":144709,"comment_status":"closed","ping_status":"closed","sticky":false,"template":"","format":"standard","meta":{"sfsi_plus_gutenberg_text_before_share":"","sfsi_plus_gutenberg_show_text_before_share":"","sfsi_plus_gutenberg_icon_type":"","sfsi_plus_gutenberg_icon_alignemt":"","sfsi_plus_gutenburg_max_per_row":"","footnotes":""},"categories":[50,16],"tags":[],"class_list":["post-144708","post","type-post","status-publish","format-standard","has-post-thumbnail","hentry","category-destaque","category-saude"],"_links":{"self":[{"href":"https:\/\/www.caririemacao.com\/1\/wp-json\/wp\/v2\/posts\/144708","targetHints":{"allow":["GET"]}}],"collection":[{"href":"https:\/\/www.caririemacao.com\/1\/wp-json\/wp\/v2\/posts"}],"about":[{"href":"https:\/\/www.caririemacao.com\/1\/wp-json\/wp\/v2\/types\/post"}],"author":[{"embeddable":true,"href":"https:\/\/www.caririemacao.com\/1\/wp-json\/wp\/v2\/users\/1"}],"replies":[{"embeddable":true,"href":"https:\/\/www.caririemacao.com\/1\/wp-json\/wp\/v2\/comments?post=144708"}],"version-history":[{"count":1,"href":"https:\/\/www.caririemacao.com\/1\/wp-json\/wp\/v2\/posts\/144708\/revisions"}],"predecessor-version":[{"id":144710,"href":"https:\/\/www.caririemacao.com\/1\/wp-json\/wp\/v2\/posts\/144708\/revisions\/144710"}],"wp:featuredmedia":[{"embeddable":true,"href":"https:\/\/www.caririemacao.com\/1\/wp-json\/wp\/v2\/media\/144709"}],"wp:attachment":[{"href":"https:\/\/www.caririemacao.com\/1\/wp-json\/wp\/v2\/media?parent=144708"}],"wp:term":[{"taxonomy":"category","embeddable":true,"href":"https:\/\/www.caririemacao.com\/1\/wp-json\/wp\/v2\/categories?post=144708"},{"taxonomy":"post_tag","embeddable":true,"href":"https:\/\/www.caririemacao.com\/1\/wp-json\/wp\/v2\/tags?post=144708"}],"curies":[{"name":"wp","href":"https:\/\/api.w.org\/{rel}","templated":true}]}}