{"id":144719,"date":"2020-01-06T09:01:36","date_gmt":"2020-01-06T12:01:36","guid":{"rendered":"http:\/\/www.caririemacao.com\/1\/?p=144719"},"modified":"2020-01-06T09:01:36","modified_gmt":"2020-01-06T12:01:36","slug":"vasco-continua-enxugando-o-elenco-para-temporada","status":"publish","type":"post","link":"https:\/\/www.caririemacao.com\/1\/2020\/01\/06\/vasco-continua-enxugando-o-elenco-para-temporada\/","title":{"rendered":"Vasco continua \u201cenxugando\u201d o elenco para temporada"},"content":{"rendered":"\n<p>Se por um lado o Vasco ainda est\u00e1 t\u00edmido no que compete a contrata\u00e7\u00f5es -tendo anunciado somente o atacante argentino Germ\u00e1n Cano, ex-Independiente de Medell\u00edn (COL)-, por outro o clube tem \u201cabastecido\u201d o mercado da bola com sua pol\u00edtica de \u201cenxugamento\u201d de elenco.<\/p>\n\n\n\n<p>At\u00e9 o momento, o Vasco j\u00e1 emprestou quatro jogadores, tem o quinto empr\u00e9stimo encaminhado e decidiu por n\u00e3o renovar ou n\u00e3o aproveitar outros tantos.<\/p>\n\n\n\n<p>H\u00e1 ainda os jogadores que est\u00e3o nos planos, mas que, com o fim do contrato, t\u00eam boas chances de n\u00e3o permanecer.<\/p>\n\n\n\n<p>At\u00e9 o momento, o Vasco j\u00e1 emprestou o atacante Caio Monteiro e o meia Guilherme Costa para o Boavista (RJ); o volante Bruno Cosendey para o CRB; e o goleiro Halls (do sub-20) para o N\u00e1utico. H\u00e1 ainda o caso bem encaminhado do meia Dudu, que deve ser emprestado para o Paran\u00e1.<\/p>\n\n\n\n<p>Alguns jogadores que tiveram seus contratos encerrados em dezembro tamb\u00e9m n\u00e3o o renovar\u00e3o, sendo que alguns at\u00e9 j\u00e1 assinaram com outros clubes, caso do meia Vald\u00edvia, anunciado pelo Ava\u00ed. O volante Bruno Ritter est\u00e1 a caminho de um time \u00e1rabe.<\/p>\n\n\n\n<p>O atacante Clayton e o lateral esquerdo Danilo Barcelos foram devolvidos ao Atl\u00e9tico-MG, o lateral direito Raul C\u00e1ceres voltou ao Cerro Porte\u00f1o (PAR) e o goleiro Sid\u00e3o retornou ao Goi\u00e1s. O volante Richard est\u00e1 nos planos do t\u00e9cnico Abel Braga mas, a princ\u00edpio, ser\u00e1 aproveitado pelo treinador Tiago Nunes, do Corinthians, clube que det\u00e9m seus direitos.<\/p>\n\n\n\n<p>H\u00e1 ainda os casos dos jogadores que tiveram seus contratos encerrados e cuja perman\u00eancia o Vasco quer, mas cujas negocia\u00e7\u00f5es est\u00e3o complicadas. Com o zagueiro Oswaldo Henr\u00edquez, por exemplo, as tratativas est\u00e3o praticamente esgotadas, ap\u00f3s o colombiano fazer uma pedida considerada alta e a diretoria n\u00e3o conseguir chegar a um consenso.<\/p>\n\n\n\n<p>Seu compatriota Fredy Guar\u00edn \u00e9 tratado como prioridade pelo Vasco, mas o meia n\u00e3o aceita negociar enquanto os sal\u00e1rios atrasados n\u00e3o forem quitados.<\/p>\n\n\n\n<p>J\u00e1 o atacante Rossi conseguiu rescindir seu contrato com o Shenzhen, da China, mas, livre no mercado e valorizado, o jogador desperta o interesse de diversos clubes, como Atl\u00e9tico-MG e Fluminense.<\/p>\n","protected":false},"excerpt":{"rendered":"<p>Se por um lado o Vasco ainda est\u00e1 t\u00edmido no que compete a contrata\u00e7\u00f5es -tendo anunciado somente o atacante argentino Germ\u00e1n Cano, ex-Independiente de Medell\u00edn&hellip; <\/p>\n","protected":false},"author":1,"featured_media":144720,"comment_status":"closed","ping_status":"closed","sticky":false,"template":"","format":"standard","meta":{"sfsi_plus_gutenberg_text_before_share":"","sfsi_plus_gutenberg_show_text_before_share":"","sfsi_plus_gutenberg_icon_type":"","sfsi_plus_gutenberg_icon_alignemt":"","sfsi_plus_gutenburg_max_per_row":"","footnotes":""},"categories":[13],"tags":[],"class_list":["post-144719","post","type-post","status-publish","format-standard","has-post-thumbnail","hentry","category-esportes"],"_links":{"self":[{"href":"https:\/\/www.caririemacao.com\/1\/wp-json\/wp\/v2\/posts\/144719","targetHints":{"allow":["GET"]}}],"collection":[{"href":"https:\/\/www.caririemacao.com\/1\/wp-json\/wp\/v2\/posts"}],"about":[{"href":"https:\/\/www.caririemacao.com\/1\/wp-json\/wp\/v2\/types\/post"}],"author":[{"embeddable":true,"href":"https:\/\/www.caririemacao.com\/1\/wp-json\/wp\/v2\/users\/1"}],"replies":[{"embeddable":true,"href":"https:\/\/www.caririemacao.com\/1\/wp-json\/wp\/v2\/comments?post=144719"}],"version-history":[{"count":1,"href":"https:\/\/www.caririemacao.com\/1\/wp-json\/wp\/v2\/posts\/144719\/revisions"}],"predecessor-version":[{"id":144721,"href":"https:\/\/www.caririemacao.com\/1\/wp-json\/wp\/v2\/posts\/144719\/revisions\/144721"}],"wp:featuredmedia":[{"embeddable":true,"href":"https:\/\/www.caririemacao.com\/1\/wp-json\/wp\/v2\/media\/144720"}],"wp:attachment":[{"href":"https:\/\/www.caririemacao.com\/1\/wp-json\/wp\/v2\/media?parent=144719"}],"wp:term":[{"taxonomy":"category","embeddable":true,"href":"https:\/\/www.caririemacao.com\/1\/wp-json\/wp\/v2\/categories?post=144719"},{"taxonomy":"post_tag","embeddable":true,"href":"https:\/\/www.caririemacao.com\/1\/wp-json\/wp\/v2\/tags?post=144719"}],"curies":[{"name":"wp","href":"https:\/\/api.w.org\/{rel}","templated":true}]}}