{"id":144738,"date":"2020-01-06T09:14:38","date_gmt":"2020-01-06T12:14:38","guid":{"rendered":"http:\/\/www.caririemacao.com\/1\/?p=144738"},"modified":"2020-01-06T09:14:38","modified_gmt":"2020-01-06T12:14:38","slug":"dermatologista-explica-o-significado-das-siglas-nas-embalagens-de-protetor-solar","status":"publish","type":"post","link":"https:\/\/www.caririemacao.com\/1\/2020\/01\/06\/dermatologista-explica-o-significado-das-siglas-nas-embalagens-de-protetor-solar\/","title":{"rendered":"Dermatologista explica o significado das siglas nas embalagens de protetor solar"},"content":{"rendered":"\n<p>UVA, UVB, FPS, PPD e FPUVA. Voc\u00ea sabe o que significam esses termos? Eles est\u00e3o comumente presentes nas embalagens de protetor solar e dizem muito sobre a sua efic\u00e1cia e forma de utiliza\u00e7\u00e3o. A dermatologista do Hapvida em Jo\u00e3o Pessoa, Mar\u00edlia Aranha, apresenta alguns esclarecimentos com o intuito de auxiliar na hora de escolher o produto e orienta que o primeiro item observado deve ser em rela\u00e7\u00e3o\u00a0 ao Fator de Prote\u00e7\u00e3o Solar (FPS).<\/p>\n\n\n\n<p>\u201cO fator 30 \u00e9 considerado o m\u00ednimo aceit\u00e1vel para uma prote\u00e7\u00e3o solar adequada contra o c\u00e2ncer de pele. Al\u00e9m disso, devemos ter aten\u00e7\u00e3o para qual tipo de pele o produto \u00e9 indicado (oleosa, seca, mista, sens\u00edvel) e se h\u00e1 algum componente na formula\u00e7\u00e3o que tenha alergia\u201d, explica.<\/p>\n\n\n\n<p>Os n\u00fameros presentes nas embalagens de protetor est\u00e3o relacionados ao Fator de Prote\u00e7\u00e3o Solar (FPS) e indicam quantas vezes a mais a pele est\u00e1 protegida da radia\u00e7\u00e3o UVB em rela\u00e7\u00e3o \u00e0 pele sem o protetor, o mercado oferta ainda o produto que varia forma de gel, spray ou creme. Quanto a isso, a especialista esclarece que n\u00e3o h\u00e1 necessidade de se preocupar com a forma de aplica\u00e7\u00e3o, o indicado \u00e9 atentar para cada tipo de pele.<\/p>\n\n\n\n<p>No caso de beb\u00eas e crian\u00e7as o produto recomendado s\u00e3o os que apresentam a denomina\u00e7\u00e3o \u2018infantil\u2019 na embalagem. Por\u00e9m, \u00e9 preciso observar a indica\u00e7\u00e3o, que deve ser a partir dos seis meses de vida. \u201cAntes dessa idade n\u00e3o se recomenda exposi\u00e7\u00e3o solar, al\u00e9m do banho de sol de 10 ou 15 minutos indicado para estimular a vitamina D\u201d, esclarece.<\/p>\n\n\n\n<p>De uma forma geral, Mar\u00edlia Aranha, alerta para a necessidade do uso cont\u00ednuo do produto. \u201c\u00c9 necess\u00e1rio reaplicar o protetor solar a cada 2 horas, quando estiver em ambiente externo (com sol). Deve-se tamb\u00e9m reaplicar ap\u00f3s sudorese, banho de mar ou piscina, uma vez que mesmo os mais resistentes saem parcial ou totalmente na \u00e1gua\u201d, alerta.<\/p>\n\n\n\n<p><strong>Quantidade Correta \u2013<\/strong>&nbsp;Antes da exposi\u00e7\u00e3o ao sol, a forma correta de usar o protetor solar \u00e9 aplicar duas camadas do produto em todo o corpo. J\u00e1 a quantidade correta \u00e9 uma colher de ch\u00e1 para rosto, cabe\u00e7a e pesco\u00e7o; duas colheres de ch\u00e1 para frente e tr\u00e1s do torso; uma colher de ch\u00e1 para cada bra\u00e7o e duas colheres de ch\u00e1 para cada perna. Ele de deve ser aplicado 15 minutos antes da exposi\u00e7\u00e3o ao sol e deve ser reaplicado a cada duas horas enquanto se estiver exposto.<\/p>\n\n\n\n<p><strong>Desvendando as Siglas<\/strong>&nbsp;\u2013 A dermatologista Mar\u00edlia Aranha aproveita para explicar o que significa cada sigla comumente presente nas embalagens de protetor solar.<br>UVA e UVB s\u00e3o tipos de radia\u00e7\u00f5es ultravioletas emitidas pelo sol;<br>FPS \u00e9 o Fator de Prote\u00e7\u00e3o Solar \u2013 Significa quantas vezes a pele est\u00e1 mais protegida contra radia\u00e7\u00e3o UVB durante o uso do produto em compara\u00e7\u00e3o a pele sem o produto;<br>PPD ou FPUVA diz respeito \u00e0 prote\u00e7\u00e3o espec\u00edfica contra radia\u00e7\u00e3o UVA.<\/p>\n","protected":false},"excerpt":{"rendered":"<p>UVA, UVB, FPS, PPD e FPUVA. Voc\u00ea sabe o que significam esses termos? Eles est\u00e3o comumente presentes nas embalagens de protetor solar e dizem muito&hellip; <\/p>\n","protected":false},"author":1,"featured_media":144739,"comment_status":"closed","ping_status":"closed","sticky":false,"template":"","format":"standard","meta":{"sfsi_plus_gutenberg_text_before_share":"","sfsi_plus_gutenberg_show_text_before_share":"","sfsi_plus_gutenberg_icon_type":"","sfsi_plus_gutenberg_icon_alignemt":"","sfsi_plus_gutenburg_max_per_row":"","footnotes":""},"categories":[50,2],"tags":[],"class_list":["post-144738","post","type-post","status-publish","format-standard","has-post-thumbnail","hentry","category-destaque","category-geral"],"_links":{"self":[{"href":"https:\/\/www.caririemacao.com\/1\/wp-json\/wp\/v2\/posts\/144738","targetHints":{"allow":["GET"]}}],"collection":[{"href":"https:\/\/www.caririemacao.com\/1\/wp-json\/wp\/v2\/posts"}],"about":[{"href":"https:\/\/www.caririemacao.com\/1\/wp-json\/wp\/v2\/types\/post"}],"author":[{"embeddable":true,"href":"https:\/\/www.caririemacao.com\/1\/wp-json\/wp\/v2\/users\/1"}],"replies":[{"embeddable":true,"href":"https:\/\/www.caririemacao.com\/1\/wp-json\/wp\/v2\/comments?post=144738"}],"version-history":[{"count":1,"href":"https:\/\/www.caririemacao.com\/1\/wp-json\/wp\/v2\/posts\/144738\/revisions"}],"predecessor-version":[{"id":144740,"href":"https:\/\/www.caririemacao.com\/1\/wp-json\/wp\/v2\/posts\/144738\/revisions\/144740"}],"wp:featuredmedia":[{"embeddable":true,"href":"https:\/\/www.caririemacao.com\/1\/wp-json\/wp\/v2\/media\/144739"}],"wp:attachment":[{"href":"https:\/\/www.caririemacao.com\/1\/wp-json\/wp\/v2\/media?parent=144738"}],"wp:term":[{"taxonomy":"category","embeddable":true,"href":"https:\/\/www.caririemacao.com\/1\/wp-json\/wp\/v2\/categories?post=144738"},{"taxonomy":"post_tag","embeddable":true,"href":"https:\/\/www.caririemacao.com\/1\/wp-json\/wp\/v2\/tags?post=144738"}],"curies":[{"name":"wp","href":"https:\/\/api.w.org\/{rel}","templated":true}]}}