{"id":144744,"date":"2020-01-06T09:16:46","date_gmt":"2020-01-06T12:16:46","guid":{"rendered":"http:\/\/www.caririemacao.com\/1\/?p=144744"},"modified":"2020-01-06T09:16:46","modified_gmt":"2020-01-06T12:16:46","slug":"onibus-que-transportava-passageiros-da-paraiba-colide-com-caminhao-e-deixa-duas-pessoas-mortas","status":"publish","type":"post","link":"https:\/\/www.caririemacao.com\/1\/2020\/01\/06\/onibus-que-transportava-passageiros-da-paraiba-colide-com-caminhao-e-deixa-duas-pessoas-mortas\/","title":{"rendered":"\u00d4nibus que transportava passageiros da Para\u00edba colide com caminh\u00e3o e deixa duas pessoas mortas"},"content":{"rendered":"\n<p>Um \u00f4nibus que transporta passageiros da Para\u00edba colidiu com um caminh\u00e3o cegonha, neste s\u00e1bado (4), e deixou duas pessoas mortas,&nbsp;na Rodovia Federal BR-251, regi\u00e3o de Francisco S\u00e1 no Norte do Estado de Minas Gerais. O \u00f4nibus saiu do munic\u00edpio de Boaventura na Para\u00edba, com destino para S\u00e3o Paulo, na \u00faltima&nbsp;quinta-feira (2).<\/p>\n\n\n\n<p>Segundo informa\u00e7\u00f5es da Policia Rodovi\u00e1ria Federal, o ve\u00edculo, que estava com sua lota\u00e7\u00e3o m\u00e1xima, bateu em um caminh\u00e3o cegonha que transportava carros. No impacto, ambos os motoristas vieram a \u00f3bito ainda no local.<\/p>\n\n\n\n<p>O motorista do \u00f4nibus&nbsp;foi identificado pelo nome de Ad\u00e3o Caetano, natural de Frutal, em Minas Gerais. J\u00e1 o caminhoneiro, n\u00e3o foi identificado.<\/p>\n\n\n\n<p>V\u00e1rios passageiros do \u00f4nibus&nbsp;tamb\u00e9m ficaram feridos.&nbsp;<\/p>\n\n\n\n<p>O Corpo de Bombeiros e Samu foram acionados.&nbsp;<\/p>\n\n\n\n<p>As causas do acidente ser\u00e3o investigadas.\u00a0<\/p>\n\n\n\n<p><em>ClickPB<\/em><\/p>\n\n\n\n<p><\/p>\n","protected":false},"excerpt":{"rendered":"<p>Um \u00f4nibus que transporta passageiros da Para\u00edba colidiu com um caminh\u00e3o cegonha, neste s\u00e1bado (4), e deixou duas pessoas mortas,&nbsp;na Rodovia Federal BR-251, regi\u00e3o de&hellip; <\/p>\n","protected":false},"author":1,"featured_media":144745,"comment_status":"closed","ping_status":"closed","sticky":false,"template":"","format":"standard","meta":{"sfsi_plus_gutenberg_text_before_share":"","sfsi_plus_gutenberg_show_text_before_share":"","sfsi_plus_gutenberg_icon_type":"","sfsi_plus_gutenberg_icon_alignemt":"","sfsi_plus_gutenburg_max_per_row":"","footnotes":""},"categories":[12],"tags":[],"class_list":["post-144744","post","type-post","status-publish","format-standard","has-post-thumbnail","hentry","category-policia"],"_links":{"self":[{"href":"https:\/\/www.caririemacao.com\/1\/wp-json\/wp\/v2\/posts\/144744","targetHints":{"allow":["GET"]}}],"collection":[{"href":"https:\/\/www.caririemacao.com\/1\/wp-json\/wp\/v2\/posts"}],"about":[{"href":"https:\/\/www.caririemacao.com\/1\/wp-json\/wp\/v2\/types\/post"}],"author":[{"embeddable":true,"href":"https:\/\/www.caririemacao.com\/1\/wp-json\/wp\/v2\/users\/1"}],"replies":[{"embeddable":true,"href":"https:\/\/www.caririemacao.com\/1\/wp-json\/wp\/v2\/comments?post=144744"}],"version-history":[{"count":1,"href":"https:\/\/www.caririemacao.com\/1\/wp-json\/wp\/v2\/posts\/144744\/revisions"}],"predecessor-version":[{"id":144746,"href":"https:\/\/www.caririemacao.com\/1\/wp-json\/wp\/v2\/posts\/144744\/revisions\/144746"}],"wp:featuredmedia":[{"embeddable":true,"href":"https:\/\/www.caririemacao.com\/1\/wp-json\/wp\/v2\/media\/144745"}],"wp:attachment":[{"href":"https:\/\/www.caririemacao.com\/1\/wp-json\/wp\/v2\/media?parent=144744"}],"wp:term":[{"taxonomy":"category","embeddable":true,"href":"https:\/\/www.caririemacao.com\/1\/wp-json\/wp\/v2\/categories?post=144744"},{"taxonomy":"post_tag","embeddable":true,"href":"https:\/\/www.caririemacao.com\/1\/wp-json\/wp\/v2\/tags?post=144744"}],"curies":[{"name":"wp","href":"https:\/\/api.w.org\/{rel}","templated":true}]}}