{"id":144749,"date":"2020-01-06T09:17:47","date_gmt":"2020-01-06T12:17:47","guid":{"rendered":"http:\/\/www.caririemacao.com\/1\/?p=144749"},"modified":"2020-01-06T09:17:47","modified_gmt":"2020-01-06T12:17:47","slug":"bolsonaro-qualifica-livros-didaticos-brasileiros-de-lixo","status":"publish","type":"post","link":"https:\/\/www.caririemacao.com\/1\/2020\/01\/06\/bolsonaro-qualifica-livros-didaticos-brasileiros-de-lixo\/","title":{"rendered":"Bolsonaro qualifica livros did\u00e1ticos brasileiros de \u201clixo\u201d"},"content":{"rendered":"\n<p>O presidente Jair Bolsonaro (sem partido) chamou os atuais livros did\u00e1ticos de lixo e disse que seu governo deve modificar o material distribu\u00eddo nas escolas a partir de 2021 para \u201csuavizar o conte\u00fado\u201d.<\/p>\n\n\n\n<p>\u201cA quest\u00e3o de livros, botei uma mat\u00e9ria ontem, j\u00e1 come\u00e7a a mudar alguma coisa. Mas tem livros que eu vou ser obrigado a distribuir esse ano ainda levando-se em conta sua feitura em anos anteriores. Tem que seguir a lei. A partir de 2021, todos os livros ser\u00e3o nossos, feitos por n\u00f3s. Os pais v\u00e3o vibrar. Vai estar l\u00e1 a bandeira do Brasil na capa. Vai ter l\u00e1 o hino nacional. Os livros hoje em dia, como regra, s\u00e3o um mont\u00e3o de amontoado de muita coisa escrita. Tem que suavizar aquilo. Falar em suavizar, estudei na cartilha \u2018Caminho Suave\u2019, voc\u00ea nunca esquece. N\u00e3o esse lixo que, como regra, est\u00e1 a\u00ed. Essa ideologia de Paulo Freire\u201d, disse Bolsonaro ao sair do Pal\u00e1cio da Alvorada.<\/p>\n\n\n\n<p>O presidente falou sobre educa\u00e7\u00e3o espontaneamente, enquanto jornalistas faziam perguntas sobre outros assuntos.<\/p>\n\n\n\n<p>Ele aproveitou a presen\u00e7a de apoiadores na porta da resid\u00eancia oficial da Presid\u00eancia da Rep\u00fablica para tratar um tema que lhe \u00e9 caro.<\/p>\n\n\n\n<p>\u201cDevemos buscar cada vez mais facilitar a vida de quem produz, fazer com que essa garotada aqui tenha um ensino que v\u00e1 ser \u00fatil l\u00e1 na frente. N\u00e3o ficar nessa historinha de ideologia. Esse moleque \u00e9 macho, p\u00f4. Estou vendo aqui, o moleque \u00e9 macho, p\u00f4. E os idiotas achando que ele vai definir o sexo quando tiver 12 anos de idade. Sai para l\u00e1\u201d, disse, apontando para um garotinho de cerca de 6 anos que estava no colo do pai.<\/p>\n\n\n\n<p>Desde que era deputado federal, Bolsonaro dirige cr\u00edticas ao sistema educacional brasileiro e culpa a esquerda pelos \u00edndices de educa\u00e7\u00e3o insatisfat\u00f3rios do pa\u00eds.<\/p>\n\n\n\n<p>Sem apresentar provas, o presidente costuma dizer que as escolas formam militantes em vez de apresentar conte\u00fados para os estudantes.<\/p>\n\n\n\n<p>Bolsonaro \u00e9 grande cr\u00edtico do pensador brasileiro Paulo Freire, que tem como sua principal obra a&nbsp;\u201cPedagogia do Oprimido\u201d, a mais citada no meio acad\u00eamico em ci\u00eancias sociais.<\/p>\n\n\n\n<p>Freire foi secret\u00e1rio municipal de Educa\u00e7\u00e3o em S\u00e3o Paulo na gest\u00e3o de Luiza Erundina. Ele chegou ao cargo em 1989, aos&nbsp;67 anos, j\u00e1 consagrado no exterior.<\/p>\n\n\n\n<p>Entre suas realiza\u00e7\u00f5es como secret\u00e1rio est\u00e3o melhora no \u00edndice de aprova\u00e7\u00e3o, implanta\u00e7\u00e3o de conselhos de escola, amplia\u00e7\u00e3o da educa\u00e7\u00e3o de adultos e desenvolvimento de projetos inovadores de inform\u00e1tica e de orienta\u00e7\u00e3o sexual. Por outro lado, teve dificuldades com burocracia, or\u00e7amento e companheiros de seu partido, o PT.<\/p>\n","protected":false},"excerpt":{"rendered":"<p>O presidente Jair Bolsonaro (sem partido) chamou os atuais livros did\u00e1ticos de lixo e disse que seu governo deve modificar o material distribu\u00eddo nas escolas&hellip; <\/p>\n","protected":false},"author":1,"featured_media":144423,"comment_status":"closed","ping_status":"closed","sticky":false,"template":"","format":"standard","meta":{"sfsi_plus_gutenberg_text_before_share":"","sfsi_plus_gutenberg_show_text_before_share":"","sfsi_plus_gutenberg_icon_type":"","sfsi_plus_gutenberg_icon_alignemt":"","sfsi_plus_gutenburg_max_per_row":"","footnotes":""},"categories":[11],"tags":[],"class_list":["post-144749","post","type-post","status-publish","format-standard","has-post-thumbnail","hentry","category-politica"],"_links":{"self":[{"href":"https:\/\/www.caririemacao.com\/1\/wp-json\/wp\/v2\/posts\/144749","targetHints":{"allow":["GET"]}}],"collection":[{"href":"https:\/\/www.caririemacao.com\/1\/wp-json\/wp\/v2\/posts"}],"about":[{"href":"https:\/\/www.caririemacao.com\/1\/wp-json\/wp\/v2\/types\/post"}],"author":[{"embeddable":true,"href":"https:\/\/www.caririemacao.com\/1\/wp-json\/wp\/v2\/users\/1"}],"replies":[{"embeddable":true,"href":"https:\/\/www.caririemacao.com\/1\/wp-json\/wp\/v2\/comments?post=144749"}],"version-history":[{"count":1,"href":"https:\/\/www.caririemacao.com\/1\/wp-json\/wp\/v2\/posts\/144749\/revisions"}],"predecessor-version":[{"id":144750,"href":"https:\/\/www.caririemacao.com\/1\/wp-json\/wp\/v2\/posts\/144749\/revisions\/144750"}],"wp:featuredmedia":[{"embeddable":true,"href":"https:\/\/www.caririemacao.com\/1\/wp-json\/wp\/v2\/media\/144423"}],"wp:attachment":[{"href":"https:\/\/www.caririemacao.com\/1\/wp-json\/wp\/v2\/media?parent=144749"}],"wp:term":[{"taxonomy":"category","embeddable":true,"href":"https:\/\/www.caririemacao.com\/1\/wp-json\/wp\/v2\/categories?post=144749"},{"taxonomy":"post_tag","embeddable":true,"href":"https:\/\/www.caririemacao.com\/1\/wp-json\/wp\/v2\/tags?post=144749"}],"curies":[{"name":"wp","href":"https:\/\/api.w.org\/{rel}","templated":true}]}}