{"id":144762,"date":"2020-01-06T09:43:30","date_gmt":"2020-01-06T12:43:30","guid":{"rendered":"http:\/\/www.caririemacao.com\/1\/?p=144762"},"modified":"2020-01-06T09:43:30","modified_gmt":"2020-01-06T12:43:30","slug":"familia-nao-aceita-diagnostico-agride-medico-e-destroi-hospital","status":"publish","type":"post","link":"https:\/\/www.caririemacao.com\/1\/2020\/01\/06\/familia-nao-aceita-diagnostico-agride-medico-e-destroi-hospital\/","title":{"rendered":"Fam\u00edlia n\u00e3o aceita diagn\u00f3stico, agride m\u00e9dico e destr\u00f3i hospital"},"content":{"rendered":"\n<p>Um m\u00e9dico foi agredido e equipamentos de uma unidade de sa\u00fade foram destru\u00eddos ap\u00f3s os pais de uma crian\u00e7a discordarem do diagn\u00f3stico dado pelo pediatra de uma UPA em Peru\u00edbe, no litoral de S\u00e3o Paulo. A fam\u00edlia \u00e9 de S\u00e3o Bernardo do Campo (SP) e a crian\u00e7a foi diagnosticada com um tipo comum de alergia, mas a m\u00e3e insistia que era sarampo. Um homem foi preso em flagrante por danos ao patrim\u00f4nio p\u00fablico.<\/p>\n\n\n\n<p>Em entrevista ao G1 neste s\u00e1bado (4), o m\u00e9dico, que preferiu n\u00e3o se identificar, relatou que a fam\u00edlia chegou \u00e0 Unidade de Pronto Atendimento (UPA) por volta da 1h20 e foi atendida poucos minutos depois pelos profissionais. &#8220;O atendimento foi simples e r\u00e1pido. A paciente, uma menina de quatro anos, tinha dermatite at\u00f3pica e prescrevi o tratamento. N\u00e3o havia nenhum sintoma que pudesse me fazer pensar em sarampo&#8221;, conta.<\/p>\n\n\n\n<p>A m\u00e3e da paciente, insatisfeita com o diagn\u00f3stico, alegou que era cabeleireira e que &#8216;entendia de pele&#8217;, insistindo que seria supostamente um caso de sarampo. &#8220;Ela dizia: &#8216;Sou cabeleireira, eu entendo de pele, isso \u00e9 sarampo sim&#8217;. Mas a crian\u00e7a n\u00e3o tinha tido febre e o tipo de manchas na pele era diferente do que o sarampo acaba ocasionando&#8221;. O m\u00e9dico, ent\u00e3o, conta que prescreveu uma pomada e um rem\u00e9dio antial\u00e9rgico para a menina.<\/p>\n\n\n\n<p>A m\u00e3e saiu do consult\u00f3rio com a crian\u00e7a mas, quando o m\u00e9dico voltou \u00e0 recep\u00e7\u00e3o para buscar novas fichas de atendimento, a fam\u00edlia estava perguntando na recep\u00e7\u00e3o qual era o nome completo do profissional e o n\u00famero de inscri\u00e7\u00e3o no Conselho Regional de Medicina (CRM). &#8220;Eu avisei a eles que estava tudo no carimbo que assinei na receita&#8221;, conta. &#8220;Ent\u00e3o a m\u00e3e da crian\u00e7a disse que tinha rasgado o papel e exigia a informa\u00e7\u00e3o&#8221;.<\/p>\n\n\n\n<p>Neste momento, uma mulher gestante que acompanhava a fam\u00edlia surgiu e, de acordo com o m\u00e9dico, tentou agredir o profissional. &#8220;Eu n\u00e3o esperava isso. Ningu\u00e9m espera uma agress\u00e3o enquanto trabalha. Ela veio e tentou me dar um soco, mas consegui segurar o bra\u00e7o dela&#8221;, relata. &#8220;Neste momento, a m\u00e3e da crian\u00e7a, que j\u00e1 tinha discordado de mim, surgiu e desferiu um soco no lado esquerdo do meu rosto. Ela veio com a m\u00e3o fechada&#8221;.<\/p>\n\n\n\n<p>Os guardas de plant\u00e3o na unidade de sa\u00fade prontamente surgiram para separar a fam\u00edlia e impedir novas agress\u00f5es ao m\u00e9dico, que se afastou da confus\u00e3o. Um homem que acompanhava as mulheres e a crian\u00e7a desferiu socos na televis\u00e3o da UPA, destruindo o aparelho e, em seguida, quebrou tamb\u00e9m um conjunto de cadeiras e uma m\u00e1quina digital para registro do ponto dos funcion\u00e1rios da unidade de sa\u00fade. A fam\u00edlia foi embora em seguida.<\/p>\n\n\n\n<p>A Guarda Civil Municipal foi acionada e a fam\u00edlia, que veio de S\u00e3o Bernardo do Campo (SP), foi encontrada por meio da ficha de atendimento registrada na unidade de sa\u00fade. De acordo com a Secretaria de Seguran\u00e7a P\u00fablica, o homem envolvido na confus\u00e3o foi encaminhado \u00e0 Delegacia Sede de Peru\u00edbe e autuado em flagrante por dano qualificado, por conta do crime ter sido cometido contra o patrim\u00f4nio p\u00fablico. A fian\u00e7a foi fixada em R$ 693 mas, como ele n\u00e3o pagou a quantia, permaneceu preso.<\/p>\n","protected":false},"excerpt":{"rendered":"<p>Um m\u00e9dico foi agredido e equipamentos de uma unidade de sa\u00fade foram destru\u00eddos ap\u00f3s os pais de uma crian\u00e7a discordarem do diagn\u00f3stico dado pelo pediatra&hellip; <\/p>\n","protected":false},"author":1,"featured_media":144763,"comment_status":"closed","ping_status":"closed","sticky":false,"template":"","format":"standard","meta":{"sfsi_plus_gutenberg_text_before_share":"","sfsi_plus_gutenberg_show_text_before_share":"","sfsi_plus_gutenberg_icon_type":"","sfsi_plus_gutenberg_icon_alignemt":"","sfsi_plus_gutenburg_max_per_row":"","footnotes":""},"categories":[12],"tags":[],"class_list":["post-144762","post","type-post","status-publish","format-standard","has-post-thumbnail","hentry","category-policia"],"_links":{"self":[{"href":"https:\/\/www.caririemacao.com\/1\/wp-json\/wp\/v2\/posts\/144762","targetHints":{"allow":["GET"]}}],"collection":[{"href":"https:\/\/www.caririemacao.com\/1\/wp-json\/wp\/v2\/posts"}],"about":[{"href":"https:\/\/www.caririemacao.com\/1\/wp-json\/wp\/v2\/types\/post"}],"author":[{"embeddable":true,"href":"https:\/\/www.caririemacao.com\/1\/wp-json\/wp\/v2\/users\/1"}],"replies":[{"embeddable":true,"href":"https:\/\/www.caririemacao.com\/1\/wp-json\/wp\/v2\/comments?post=144762"}],"version-history":[{"count":1,"href":"https:\/\/www.caririemacao.com\/1\/wp-json\/wp\/v2\/posts\/144762\/revisions"}],"predecessor-version":[{"id":144764,"href":"https:\/\/www.caririemacao.com\/1\/wp-json\/wp\/v2\/posts\/144762\/revisions\/144764"}],"wp:featuredmedia":[{"embeddable":true,"href":"https:\/\/www.caririemacao.com\/1\/wp-json\/wp\/v2\/media\/144763"}],"wp:attachment":[{"href":"https:\/\/www.caririemacao.com\/1\/wp-json\/wp\/v2\/media?parent=144762"}],"wp:term":[{"taxonomy":"category","embeddable":true,"href":"https:\/\/www.caririemacao.com\/1\/wp-json\/wp\/v2\/categories?post=144762"},{"taxonomy":"post_tag","embeddable":true,"href":"https:\/\/www.caririemacao.com\/1\/wp-json\/wp\/v2\/tags?post=144762"}],"curies":[{"name":"wp","href":"https:\/\/api.w.org\/{rel}","templated":true}]}}