{"id":144767,"date":"2020-01-06T09:46:59","date_gmt":"2020-01-06T12:46:59","guid":{"rendered":"http:\/\/www.caririemacao.com\/1\/?p=144767"},"modified":"2020-01-06T09:46:59","modified_gmt":"2020-01-06T12:46:59","slug":"prefeita-anna-lorena-inicia-o-ano-assegurando-recursos-para-a-educacao-saude-e-infraestrutura","status":"publish","type":"post","link":"https:\/\/www.caririemacao.com\/1\/2020\/01\/06\/prefeita-anna-lorena-inicia-o-ano-assegurando-recursos-para-a-educacao-saude-e-infraestrutura\/","title":{"rendered":"Prefeita Anna Lorena inicia o ano assegurando recursos para a Educa\u00e7\u00e3o, Sa\u00fade e Infraestrutura"},"content":{"rendered":"\n<p>A Prefeita Anna Lorena anunciou neste final de semana uma s\u00e9rie de benef\u00edcios adquiridos atrav\u00e9s de emendas do senador Veneziano Vital do R\u00eago e dos deputados federais Wellington Roberto e Edna Henrique e do deputado estadual Adriano Galdino.<\/p>\n\n\n\n<p>De acordo com as informa\u00e7\u00f5es da gestora, Monteiro entra o ano de 2020 com o p\u00e9 direito com os empenhos j\u00e1 assegurados para aquisi\u00e7\u00e3o de dois \u00f4nibus escolares, duas escolas, duas creches, climatiza\u00e7\u00e3o de escolas, R$ 2.300.000,00 (dois milh\u00f5es trezentos mil reais) para pavimenta\u00e7\u00e3o de ruas, recursos para a 2\u00aa etapa das obras do Est\u00e1dio O Feitos\u00e3o, todos estes assegurados pelo deputado federal Wellington Roberto. J\u00e1 atrav\u00e9s de emendas do deputado estadual Adriano Galdino, a prefeita informa que est\u00e3o asseguradas a constru\u00e7\u00e3o de mais quatro salas de aulas e a reforma da escola estadual Santa Filomena, que passar\u00e1 a ser administrada pelo munic\u00edpio, al\u00e9m de recursos da ordem de R$ 250 mil para custeio na \u00e1rea da sa\u00fade, recursos este assegurados pelo senador Veneziano, enquanto que uma emenda da deputada federal Edna Henrique assegurou recursos de R$ 400 mil para a constru\u00e7\u00e3o da Pra\u00e7a de Eventos do munic\u00edpio, cujo projeto prev\u00ea investimentos superiores a R$ 1 milh\u00e3o.<\/p>\n\n\n\n<p>\u201cCome\u00e7amos 2020 com o p\u00e9 direito. Monteiro ganha in\u00fameros benef\u00edcios que proporcionar\u00e3o mais comodidade, conforto e entretenimento \u00e0 nossa popula\u00e7\u00e3o. \u00c9 com grande felicidade que logo nos primeiros dias do ano tenhamos conseguido tantas coisas. Que Deus nos aben\u00e7oe pra que esse ano seja pr\u00f3spero para nosso munic\u00edpio\u201d, comemora a prefeita Anna Lorena.<\/p>\n\n\n\n<p>Nesta segunda-feira, 6, a prefeita Anna Lorena participa de uma solenidade presidida pelo governador Jo\u00e3o Azev\u00eado, quando o mesmo far\u00e1 um balan\u00e7o do seu primeiro ano de gest\u00e3o e apresentar\u00e1 alguns projetos para serem implantados neste ano de 2020.<\/p>\n","protected":false},"excerpt":{"rendered":"<p>A Prefeita Anna Lorena anunciou neste final de semana uma s\u00e9rie de benef\u00edcios adquiridos atrav\u00e9s de emendas do senador Veneziano Vital do R\u00eago e dos&hellip; <\/p>\n","protected":false},"author":1,"featured_media":141784,"comment_status":"closed","ping_status":"closed","sticky":false,"template":"","format":"standard","meta":{"sfsi_plus_gutenberg_text_before_share":"","sfsi_plus_gutenberg_show_text_before_share":"","sfsi_plus_gutenberg_icon_type":"","sfsi_plus_gutenberg_icon_alignemt":"","sfsi_plus_gutenburg_max_per_row":"","footnotes":""},"categories":[6],"tags":[],"class_list":["post-144767","post","type-post","status-publish","format-standard","has-post-thumbnail","hentry","category-cidades"],"_links":{"self":[{"href":"https:\/\/www.caririemacao.com\/1\/wp-json\/wp\/v2\/posts\/144767","targetHints":{"allow":["GET"]}}],"collection":[{"href":"https:\/\/www.caririemacao.com\/1\/wp-json\/wp\/v2\/posts"}],"about":[{"href":"https:\/\/www.caririemacao.com\/1\/wp-json\/wp\/v2\/types\/post"}],"author":[{"embeddable":true,"href":"https:\/\/www.caririemacao.com\/1\/wp-json\/wp\/v2\/users\/1"}],"replies":[{"embeddable":true,"href":"https:\/\/www.caririemacao.com\/1\/wp-json\/wp\/v2\/comments?post=144767"}],"version-history":[{"count":1,"href":"https:\/\/www.caririemacao.com\/1\/wp-json\/wp\/v2\/posts\/144767\/revisions"}],"predecessor-version":[{"id":144768,"href":"https:\/\/www.caririemacao.com\/1\/wp-json\/wp\/v2\/posts\/144767\/revisions\/144768"}],"wp:featuredmedia":[{"embeddable":true,"href":"https:\/\/www.caririemacao.com\/1\/wp-json\/wp\/v2\/media\/141784"}],"wp:attachment":[{"href":"https:\/\/www.caririemacao.com\/1\/wp-json\/wp\/v2\/media?parent=144767"}],"wp:term":[{"taxonomy":"category","embeddable":true,"href":"https:\/\/www.caririemacao.com\/1\/wp-json\/wp\/v2\/categories?post=144767"},{"taxonomy":"post_tag","embeddable":true,"href":"https:\/\/www.caririemacao.com\/1\/wp-json\/wp\/v2\/tags?post=144767"}],"curies":[{"name":"wp","href":"https:\/\/api.w.org\/{rel}","templated":true}]}}