{"id":144771,"date":"2020-01-06T09:48:28","date_gmt":"2020-01-06T12:48:28","guid":{"rendered":"http:\/\/www.caririemacao.com\/1\/?p=144771"},"modified":"2020-01-06T09:48:28","modified_gmt":"2020-01-06T12:48:28","slug":"obras-de-reforma-das-residencias-universitarias-e-construcao-de-passarelas-serao-iniciadas","status":"publish","type":"post","link":"https:\/\/www.caririemacao.com\/1\/2020\/01\/06\/obras-de-reforma-das-residencias-universitarias-e-construcao-de-passarelas-serao-iniciadas\/","title":{"rendered":"Obras de reforma das resid\u00eancias universit\u00e1rias e constru\u00e7\u00e3o de passarelas ser\u00e3o iniciadas"},"content":{"rendered":"\n<p>As obras de reforma das resid\u00eancias universit\u00e1rias e de constru\u00e7\u00e3o de passarelas no Centro de Desenvolvimento Sustent\u00e1vel do Semi\u00e1rido, Campus Sum\u00e9 da Universidade Federal de Campina Grande ser\u00e3o iniciadas no dia 7 de janeiro pr\u00f3ximo.<\/p>\n\n\n\n<p>A defini\u00e7\u00e3o do in\u00edcio das obras foi discutida em reuni\u00e3o realizada em 26 de dezembro, entre o vice-diretor do CDSA, Franklin Ferreira de Farias N\u00f3brega, engenheiros da Prefeitura Universit\u00e1ria da UFCG, o subprefeito do Campus, M\u00e1rcio Daniel Rodrigues Medeiros, fiscais de contrato da Subprefeitura do Campus Sum\u00e9 (Fl\u00e1vio Pereira da Cunha e Hegilli Franklin de Sousa), o gestor financeiro do CDSA, Dorval Rodrigues e o representante da construtora Azevedo, que realizar\u00e1 as obras.<\/p>\n\n\n\n<p>Assimp CDSA\/UFCG<\/p>\n","protected":false},"excerpt":{"rendered":"<p>As obras de reforma das resid\u00eancias universit\u00e1rias e de constru\u00e7\u00e3o de passarelas no Centro de Desenvolvimento Sustent\u00e1vel do Semi\u00e1rido, Campus Sum\u00e9 da Universidade Federal de&hellip; <\/p>\n","protected":false},"author":1,"featured_media":144772,"comment_status":"closed","ping_status":"closed","sticky":false,"template":"","format":"standard","meta":{"sfsi_plus_gutenberg_text_before_share":"","sfsi_plus_gutenberg_show_text_before_share":"","sfsi_plus_gutenberg_icon_type":"","sfsi_plus_gutenberg_icon_alignemt":"","sfsi_plus_gutenburg_max_per_row":"","footnotes":""},"categories":[14],"tags":[],"class_list":["post-144771","post","type-post","status-publish","format-standard","has-post-thumbnail","hentry","category-educacao"],"_links":{"self":[{"href":"https:\/\/www.caririemacao.com\/1\/wp-json\/wp\/v2\/posts\/144771","targetHints":{"allow":["GET"]}}],"collection":[{"href":"https:\/\/www.caririemacao.com\/1\/wp-json\/wp\/v2\/posts"}],"about":[{"href":"https:\/\/www.caririemacao.com\/1\/wp-json\/wp\/v2\/types\/post"}],"author":[{"embeddable":true,"href":"https:\/\/www.caririemacao.com\/1\/wp-json\/wp\/v2\/users\/1"}],"replies":[{"embeddable":true,"href":"https:\/\/www.caririemacao.com\/1\/wp-json\/wp\/v2\/comments?post=144771"}],"version-history":[{"count":1,"href":"https:\/\/www.caririemacao.com\/1\/wp-json\/wp\/v2\/posts\/144771\/revisions"}],"predecessor-version":[{"id":144773,"href":"https:\/\/www.caririemacao.com\/1\/wp-json\/wp\/v2\/posts\/144771\/revisions\/144773"}],"wp:featuredmedia":[{"embeddable":true,"href":"https:\/\/www.caririemacao.com\/1\/wp-json\/wp\/v2\/media\/144772"}],"wp:attachment":[{"href":"https:\/\/www.caririemacao.com\/1\/wp-json\/wp\/v2\/media?parent=144771"}],"wp:term":[{"taxonomy":"category","embeddable":true,"href":"https:\/\/www.caririemacao.com\/1\/wp-json\/wp\/v2\/categories?post=144771"},{"taxonomy":"post_tag","embeddable":true,"href":"https:\/\/www.caririemacao.com\/1\/wp-json\/wp\/v2\/tags?post=144771"}],"curies":[{"name":"wp","href":"https:\/\/api.w.org\/{rel}","templated":true}]}}