{"id":144784,"date":"2020-01-06T10:21:15","date_gmt":"2020-01-06T13:21:15","guid":{"rendered":"http:\/\/www.caririemacao.com\/1\/?p=144784"},"modified":"2020-01-06T10:21:15","modified_gmt":"2020-01-06T13:21:15","slug":"prefeito-de-prata-realiza-cavalgada-da-emancipacao-politica","status":"publish","type":"post","link":"https:\/\/www.caririemacao.com\/1\/2020\/01\/06\/prefeito-de-prata-realiza-cavalgada-da-emancipacao-politica\/","title":{"rendered":"Prefeito de Prata realiza cavalgada da emancipa\u00e7\u00e3o pol\u00edtica"},"content":{"rendered":"\n<p>A Prefeitura Municipal de Prata, deu in\u00edcio as festividades de comemora\u00e7\u00e3o da emancipa\u00e7\u00e3o do munic\u00edpio, o prefeito J\u00fanior N\u00f3brega, atrav\u00e9s da Secretaria de Agricultura, realizou neste domingo(05) a Cavalgada de Emancipa\u00e7\u00e3o, para este ano o evento reuniu v\u00e1rios vaqueiros e amazonas, com in\u00edcio na antiga oficina de Jucir onde foi oferecido um caf\u00e9 da manh\u00e3, e parada no S\u00edtio Laginha, foi servido um grande almo\u00e7o.<\/p>\n\n\n\n<p>A cavalgada teve um percurso de aproximadamente 13 quil\u00f4metros. Para o Prefeito J\u00fanior N\u00f3brega, a cavalgada j\u00e1 \u00e9 tradi\u00e7\u00e3o, \u00e9 uma maneira de encontramos e confraternizarmos e poder compartilhar momentos agrad\u00e1veis juntos de muitos amigos, familiares e correligion\u00e1rios.<\/p>\n\n\n\n<p>O Secret\u00e1rio de Agricultura Genivaldo Temb\u00f3rio agradeceu a todos que participaram e disse que foi um prazer ter encontrado amigos nesse evento.<\/p>\n\n\n\n<p>Participaram da cavalgada, o Prefeito J\u00fanior N\u00f3brega, a primeira dama Maria Aparecida, a Secret\u00e1ria de Cultura Ros\u00e2ngela Rafael, vereadores, o Secret\u00e1rio da Agricultura e demais secret\u00e1rios.<\/p>\n\n\n\n<p>A cavalgada encerrou na rua com show do Forr\u00f3 dos Limas, Bidinga do Acordeom e Ronaldo Nogueira.<\/p>\n\n\n\n<p>Texto Texeirinha<\/p>\n","protected":false},"excerpt":{"rendered":"<p>A Prefeitura Municipal de Prata, deu in\u00edcio as festividades de comemora\u00e7\u00e3o da emancipa\u00e7\u00e3o do munic\u00edpio, o prefeito J\u00fanior N\u00f3brega, atrav\u00e9s da Secretaria de Agricultura, realizou&hellip; <\/p>\n","protected":false},"author":1,"featured_media":144786,"comment_status":"closed","ping_status":"closed","sticky":false,"template":"","format":"standard","meta":{"sfsi_plus_gutenberg_text_before_share":"","sfsi_plus_gutenberg_show_text_before_share":"","sfsi_plus_gutenberg_icon_type":"","sfsi_plus_gutenberg_icon_alignemt":"","sfsi_plus_gutenburg_max_per_row":"","footnotes":""},"categories":[6],"tags":[],"class_list":["post-144784","post","type-post","status-publish","format-standard","has-post-thumbnail","hentry","category-cidades"],"_links":{"self":[{"href":"https:\/\/www.caririemacao.com\/1\/wp-json\/wp\/v2\/posts\/144784","targetHints":{"allow":["GET"]}}],"collection":[{"href":"https:\/\/www.caririemacao.com\/1\/wp-json\/wp\/v2\/posts"}],"about":[{"href":"https:\/\/www.caririemacao.com\/1\/wp-json\/wp\/v2\/types\/post"}],"author":[{"embeddable":true,"href":"https:\/\/www.caririemacao.com\/1\/wp-json\/wp\/v2\/users\/1"}],"replies":[{"embeddable":true,"href":"https:\/\/www.caririemacao.com\/1\/wp-json\/wp\/v2\/comments?post=144784"}],"version-history":[{"count":1,"href":"https:\/\/www.caririemacao.com\/1\/wp-json\/wp\/v2\/posts\/144784\/revisions"}],"predecessor-version":[{"id":144787,"href":"https:\/\/www.caririemacao.com\/1\/wp-json\/wp\/v2\/posts\/144784\/revisions\/144787"}],"wp:featuredmedia":[{"embeddable":true,"href":"https:\/\/www.caririemacao.com\/1\/wp-json\/wp\/v2\/media\/144786"}],"wp:attachment":[{"href":"https:\/\/www.caririemacao.com\/1\/wp-json\/wp\/v2\/media?parent=144784"}],"wp:term":[{"taxonomy":"category","embeddable":true,"href":"https:\/\/www.caririemacao.com\/1\/wp-json\/wp\/v2\/categories?post=144784"},{"taxonomy":"post_tag","embeddable":true,"href":"https:\/\/www.caririemacao.com\/1\/wp-json\/wp\/v2\/tags?post=144784"}],"curies":[{"name":"wp","href":"https:\/\/api.w.org\/{rel}","templated":true}]}}