{"id":144796,"date":"2020-01-06T13:13:38","date_gmt":"2020-01-06T16:13:38","guid":{"rendered":"http:\/\/www.caririemacao.com\/1\/?p=144796"},"modified":"2020-01-06T13:13:38","modified_gmt":"2020-01-06T16:13:38","slug":"governador-extingue-gol-de-placa-anuncia-reformas-e-novos-concursos","status":"publish","type":"post","link":"https:\/\/www.caririemacao.com\/1\/2020\/01\/06\/governador-extingue-gol-de-placa-anuncia-reformas-e-novos-concursos\/","title":{"rendered":"Governador extingue Gol de Placa, anuncia reformas e novos concursos"},"content":{"rendered":"\n<p>O governador Jo\u00e3o Azev\u00eado (sem partido) anunciou, na manh\u00e3 desta segunda-feira (6), reformas e amplia\u00e7\u00e3o dos hospitais de Trauma de Jo\u00e3o Pessoa e Campina Grande para 2020.<\/p>\n\n\n\n<p>De acordo com o gestor, o governo promover\u00e1 a mesma a\u00e7\u00e3o para os hospitais regionais de Patos e Guarabira, al\u00e9m de readequar outras seis unidades: Bel\u00e9m, Sol\u00e2nea, Santa Luzia, Cajazeiras, Monteiro e Queimadas.<\/p>\n\n\n\n<p>Jo\u00e3o Azev\u00eado ainda assegurou a compra de novos equipamentos para rede hospitalar e a reforma do Hemocentro, com a implanta\u00e7\u00e3o de uma oficina ortop\u00e9dica.<\/p>\n\n\n\n<p><strong>Extin\u00e7\u00e3o do Gol de Placa<\/strong><\/p>\n\n\n\n<p>Jo\u00e3o Azev\u00eado anunciou a extin\u00e7\u00e3o dos programas Gol de Placa e Bolsa Atleta, alvos de investiga\u00e7\u00e3o do Minist\u00e9rio P\u00fablico.<\/p>\n\n\n\n<p>Para substituir ambos, ser\u00e1 criado um novo programa intitulado de \u201cIncentivo Esporte\u201d, que n\u00e3o deixar\u00e1 de apoiar o futebol profissional e outras modalidades.<\/p>\n\n\n\n<p><strong>Concursos<\/strong><\/p>\n\n\n\n<p>O gestor ainda anunciou a realiza\u00e7\u00e3o de tr\u00eas novos concursos: Procuradoria-Geral do Estado, Porto de Cabedelo e Ag\u00eancia Estadual de Gest\u00e3o das \u00c1guas (Aesa).<\/p>\n\n\n\n<p>Al\u00e9m disso, Jo\u00e3o Azev\u00eado garantiu a posse de mil professores aprovados no concurso de 2019, 400 agentes socioeducativos da Fundac e o reajuste do piso do magist\u00e9rio.<\/p>\n\n\n\n<p><strong>Habita\u00e7\u00e3o<\/strong><\/p>\n\n\n\n<p>O programa Habitacional Cidade Madura tamb\u00e9m ter\u00e1 destaque nos investimentos do governo para 2020. Conforme o governador Jo\u00e3o Azev\u00eado, o programa ser\u00e1 ampliado nas cidades de Monteiro e Bayeux e implantar o projeto Agrovila \u00c1guas de Acau\u00e3, que visa assentar 100 fam\u00edlias da comunidade Costa, localizada no munic\u00edpio de Natuba.<\/p>\n\n\n\n<p>Ainda segundo Jo\u00e3o, se o governo federal n\u00e3o retomar o programa \u2018Minha Casa, Minha Vida\u2019, o Estado lan\u00e7ar\u00e1 um programa pr\u00f3prio.<\/p>\n\n\n\n<p><strong>MaisPB<\/strong><\/p>\n","protected":false},"excerpt":{"rendered":"<p>O governador Jo\u00e3o Azev\u00eado (sem partido) anunciou, na manh\u00e3 desta segunda-feira (6), reformas e amplia\u00e7\u00e3o dos hospitais de Trauma de Jo\u00e3o Pessoa e Campina Grande&hellip; <\/p>\n","protected":false},"author":1,"featured_media":144797,"comment_status":"closed","ping_status":"closed","sticky":false,"template":"","format":"standard","meta":{"sfsi_plus_gutenberg_text_before_share":"","sfsi_plus_gutenberg_show_text_before_share":"","sfsi_plus_gutenberg_icon_type":"","sfsi_plus_gutenberg_icon_alignemt":"","sfsi_plus_gutenburg_max_per_row":"","footnotes":""},"categories":[11],"tags":[],"class_list":["post-144796","post","type-post","status-publish","format-standard","has-post-thumbnail","hentry","category-politica"],"_links":{"self":[{"href":"https:\/\/www.caririemacao.com\/1\/wp-json\/wp\/v2\/posts\/144796","targetHints":{"allow":["GET"]}}],"collection":[{"href":"https:\/\/www.caririemacao.com\/1\/wp-json\/wp\/v2\/posts"}],"about":[{"href":"https:\/\/www.caririemacao.com\/1\/wp-json\/wp\/v2\/types\/post"}],"author":[{"embeddable":true,"href":"https:\/\/www.caririemacao.com\/1\/wp-json\/wp\/v2\/users\/1"}],"replies":[{"embeddable":true,"href":"https:\/\/www.caririemacao.com\/1\/wp-json\/wp\/v2\/comments?post=144796"}],"version-history":[{"count":1,"href":"https:\/\/www.caririemacao.com\/1\/wp-json\/wp\/v2\/posts\/144796\/revisions"}],"predecessor-version":[{"id":144798,"href":"https:\/\/www.caririemacao.com\/1\/wp-json\/wp\/v2\/posts\/144796\/revisions\/144798"}],"wp:featuredmedia":[{"embeddable":true,"href":"https:\/\/www.caririemacao.com\/1\/wp-json\/wp\/v2\/media\/144797"}],"wp:attachment":[{"href":"https:\/\/www.caririemacao.com\/1\/wp-json\/wp\/v2\/media?parent=144796"}],"wp:term":[{"taxonomy":"category","embeddable":true,"href":"https:\/\/www.caririemacao.com\/1\/wp-json\/wp\/v2\/categories?post=144796"},{"taxonomy":"post_tag","embeddable":true,"href":"https:\/\/www.caririemacao.com\/1\/wp-json\/wp\/v2\/tags?post=144796"}],"curies":[{"name":"wp","href":"https:\/\/api.w.org\/{rel}","templated":true}]}}