{"id":144801,"date":"2020-01-06T13:14:44","date_gmt":"2020-01-06T16:14:44","guid":{"rendered":"http:\/\/www.caririemacao.com\/1\/?p=144801"},"modified":"2020-01-06T13:14:44","modified_gmt":"2020-01-06T16:14:44","slug":"no-cariri-grupo-e-preso-e-espingardas-apreendidas","status":"publish","type":"post","link":"https:\/\/www.caririemacao.com\/1\/2020\/01\/06\/no-cariri-grupo-e-preso-e-espingardas-apreendidas\/","title":{"rendered":"No Cariri: grupo \u00e9 preso e espingardas apreendidas"},"content":{"rendered":"\n<p>Policiais militares da 3\u00aa Companhia Independente de Pol\u00edcia Militar prenderam, na manh\u00e3 deste domingo (05), quatro suspeitos por porte ilegal de arma de fogo e apreenderam quatro espingardas em Barra de Santana, no Cariri paraibano. Os suspeitos informaram que as espingardas e as muni\u00e7\u00f5es seriam utilizadas para a ca\u00e7a.<\/p>\n\n\n\n<p>Os policias da For\u00e7a T\u00e1tica da 3\u00aa Companhia Independente foram averiguar uma den\u00fancia que havia um grupo de homens armados no s\u00edtio Paraibinha. A equipe policial realizou as buscas nas margens do Rio Para\u00edba e conseguiu localizar e prender quatro suspeitos de 31, 50, 51 e 62 anos. Com eles foram apreendidos 04 espingardas e 250 muni\u00e7\u00f5es.<\/p>\n\n\n\n<p>Os suspeitos foram encaminhados para a Delegacia de Queimadas e autuados por porte ilegal de arma de fogo e muni\u00e7\u00f5es.<\/p>\n\n\n\n<p><strong>Com Click PB<\/strong><\/p>\n","protected":false},"excerpt":{"rendered":"<p>Policiais militares da 3\u00aa Companhia Independente de Pol\u00edcia Militar prenderam, na manh\u00e3 deste domingo (05), quatro suspeitos por porte ilegal de arma de fogo e&hellip; <\/p>\n","protected":false},"author":1,"featured_media":144802,"comment_status":"closed","ping_status":"closed","sticky":false,"template":"","format":"standard","meta":{"sfsi_plus_gutenberg_text_before_share":"","sfsi_plus_gutenberg_show_text_before_share":"","sfsi_plus_gutenberg_icon_type":"","sfsi_plus_gutenberg_icon_alignemt":"","sfsi_plus_gutenburg_max_per_row":"","footnotes":""},"categories":[12],"tags":[],"class_list":["post-144801","post","type-post","status-publish","format-standard","has-post-thumbnail","hentry","category-policia"],"_links":{"self":[{"href":"https:\/\/www.caririemacao.com\/1\/wp-json\/wp\/v2\/posts\/144801","targetHints":{"allow":["GET"]}}],"collection":[{"href":"https:\/\/www.caririemacao.com\/1\/wp-json\/wp\/v2\/posts"}],"about":[{"href":"https:\/\/www.caririemacao.com\/1\/wp-json\/wp\/v2\/types\/post"}],"author":[{"embeddable":true,"href":"https:\/\/www.caririemacao.com\/1\/wp-json\/wp\/v2\/users\/1"}],"replies":[{"embeddable":true,"href":"https:\/\/www.caririemacao.com\/1\/wp-json\/wp\/v2\/comments?post=144801"}],"version-history":[{"count":1,"href":"https:\/\/www.caririemacao.com\/1\/wp-json\/wp\/v2\/posts\/144801\/revisions"}],"predecessor-version":[{"id":144803,"href":"https:\/\/www.caririemacao.com\/1\/wp-json\/wp\/v2\/posts\/144801\/revisions\/144803"}],"wp:featuredmedia":[{"embeddable":true,"href":"https:\/\/www.caririemacao.com\/1\/wp-json\/wp\/v2\/media\/144802"}],"wp:attachment":[{"href":"https:\/\/www.caririemacao.com\/1\/wp-json\/wp\/v2\/media?parent=144801"}],"wp:term":[{"taxonomy":"category","embeddable":true,"href":"https:\/\/www.caririemacao.com\/1\/wp-json\/wp\/v2\/categories?post=144801"},{"taxonomy":"post_tag","embeddable":true,"href":"https:\/\/www.caririemacao.com\/1\/wp-json\/wp\/v2\/tags?post=144801"}],"curies":[{"name":"wp","href":"https:\/\/api.w.org\/{rel}","templated":true}]}}