{"id":144812,"date":"2020-01-06T13:43:56","date_gmt":"2020-01-06T16:43:56","guid":{"rendered":"http:\/\/www.caririemacao.com\/1\/?p=144812"},"modified":"2020-01-06T13:43:56","modified_gmt":"2020-01-06T16:43:56","slug":"joao-azevedo-nao-define-destino-partidario-nem-confirma-tiberio-como-seu-candidato","status":"publish","type":"post","link":"https:\/\/www.caririemacao.com\/1\/2020\/01\/06\/joao-azevedo-nao-define-destino-partidario-nem-confirma-tiberio-como-seu-candidato\/","title":{"rendered":"Jo\u00e3o Azev\u00eado n\u00e3o define destino partid\u00e1rio, nem confirma Tib\u00e9rio como seu candidato"},"content":{"rendered":"\n<p>O governador Jo\u00e3o Azev\u00eado n\u00e3o est\u00e1 com pressa para definir o seu destino partid\u00e1rio, nem tampouco anunciar o candidato que apoiar\u00e1 nas elei\u00e7\u00f5es municipais deste ano.&#8221;Meu foco \u00e9 administrativo. Cada coisa no seu devido momento&#8221;, disse ele enquanto celebrava os melhores indicadores da d\u00e9cada na Para\u00edba, em entrevista coletiva concedida nesta segunda-feira (6).&nbsp;<\/p>\n\n\n\n<p>Ele garantiu, por\u00e9m, que haver\u00e1 indica\u00e7\u00e3o e apoio para algum candidato \u00e0s elei\u00e7\u00f5es municipais deste ano, mas n\u00e3o adiantou se o candidato escolhido seria Tib\u00e9rio Limeira, recentemente nomeado para a Secretaria de Desenvolvimento Humano.&nbsp;<\/p>\n\n\n\n<p>&#8220;A chegada de Tib\u00e9rio \u00e9 para desenvolver um trabalho fundamental junto \u00e0 Secretaria de Desenvolvimento Humano, n\u00e3o tem aspecto pol\u00edtico. A leitura pol\u00edtica cada um faz&#8221;, afirmou.<\/p>\n\n\n\n<p>Ao ser questionado se apoiaria candidatos nos dois grandes polos do estado, Jo\u00e3o Pessoa e Campina Grande, o governador disse que sim, haver\u00e1 indica\u00e7\u00e3o e apoio pessoal do governador para algum nome.<\/p>\n\n\n\n<p>Sobre o apoio da Assembleia Legislativa, Jo\u00e3o Azev\u00eado disse que tem certeza que a parceria vai continuar em 2020, da mesma forma que no ano passado. Ele espera conseguir aprovar na Casa, a reforma da previd\u00eancia, a cria\u00e7\u00e3o da Funda\u00e7\u00e3o PB Sa\u00fade e mais algumas medidas provis\u00f3rias que aguardam vota\u00e7\u00e3o.<\/p>\n","protected":false},"excerpt":{"rendered":"<p>O governador Jo\u00e3o Azev\u00eado n\u00e3o est\u00e1 com pressa para definir o seu destino partid\u00e1rio, nem tampouco anunciar o candidato que apoiar\u00e1 nas elei\u00e7\u00f5es municipais deste&hellip; <\/p>\n","protected":false},"author":1,"featured_media":142517,"comment_status":"closed","ping_status":"closed","sticky":false,"template":"","format":"standard","meta":{"sfsi_plus_gutenberg_text_before_share":"","sfsi_plus_gutenberg_show_text_before_share":"","sfsi_plus_gutenberg_icon_type":"","sfsi_plus_gutenberg_icon_alignemt":"","sfsi_plus_gutenburg_max_per_row":"","footnotes":""},"categories":[11],"tags":[],"class_list":["post-144812","post","type-post","status-publish","format-standard","has-post-thumbnail","hentry","category-politica"],"_links":{"self":[{"href":"https:\/\/www.caririemacao.com\/1\/wp-json\/wp\/v2\/posts\/144812","targetHints":{"allow":["GET"]}}],"collection":[{"href":"https:\/\/www.caririemacao.com\/1\/wp-json\/wp\/v2\/posts"}],"about":[{"href":"https:\/\/www.caririemacao.com\/1\/wp-json\/wp\/v2\/types\/post"}],"author":[{"embeddable":true,"href":"https:\/\/www.caririemacao.com\/1\/wp-json\/wp\/v2\/users\/1"}],"replies":[{"embeddable":true,"href":"https:\/\/www.caririemacao.com\/1\/wp-json\/wp\/v2\/comments?post=144812"}],"version-history":[{"count":1,"href":"https:\/\/www.caririemacao.com\/1\/wp-json\/wp\/v2\/posts\/144812\/revisions"}],"predecessor-version":[{"id":144816,"href":"https:\/\/www.caririemacao.com\/1\/wp-json\/wp\/v2\/posts\/144812\/revisions\/144816"}],"wp:featuredmedia":[{"embeddable":true,"href":"https:\/\/www.caririemacao.com\/1\/wp-json\/wp\/v2\/media\/142517"}],"wp:attachment":[{"href":"https:\/\/www.caririemacao.com\/1\/wp-json\/wp\/v2\/media?parent=144812"}],"wp:term":[{"taxonomy":"category","embeddable":true,"href":"https:\/\/www.caririemacao.com\/1\/wp-json\/wp\/v2\/categories?post=144812"},{"taxonomy":"post_tag","embeddable":true,"href":"https:\/\/www.caririemacao.com\/1\/wp-json\/wp\/v2\/tags?post=144812"}],"curies":[{"name":"wp","href":"https:\/\/api.w.org\/{rel}","templated":true}]}}