{"id":144820,"date":"2020-01-06T13:45:47","date_gmt":"2020-01-06T16:45:47","guid":{"rendered":"http:\/\/www.caririemacao.com\/1\/?p=144820"},"modified":"2020-01-06T13:45:47","modified_gmt":"2020-01-06T16:45:47","slug":"veneziano-descarta-saida-do-psb-para-as-eleicoes-de-2020","status":"publish","type":"post","link":"https:\/\/www.caririemacao.com\/1\/2020\/01\/06\/veneziano-descarta-saida-do-psb-para-as-eleicoes-de-2020\/","title":{"rendered":"Veneziano descarta sa\u00edda do PSB para as elei\u00e7\u00f5es de 2020"},"content":{"rendered":"\n<p>O senador da rep\u00fablica Veneziano Vital do Rego, em entrevista na manh\u00e3 desta segunda-feira (6) negou que tenha pretens\u00e3o de sair do PSB. A possibilidade de sua sa\u00edda foi especulada depois que seu aliado, o governador Jo\u00e3o Azev\u00eado decidiu se retirar da legenda.&nbsp;<\/p>\n\n\n\n<p>O parlamentar ainda refor\u00e7ou que as op\u00e7\u00f5es ser\u00e3o devidamente avaliadas, mas no momento adequado, criticando a antecipa\u00e7\u00e3o dos debates sobre o assunto. &#8220;Existe tanto a alternativa de permanecer como tamb\u00e9m a nova op\u00e7\u00e3o partid\u00e1ria. Ent\u00e3o nesse momento n\u00e3o h\u00e1 raz\u00e3o para minha sa\u00edda do PSB. Minha colabora\u00e7\u00e3o ao governador est\u00e1 garantida&#8221;, explicou.<\/p>\n\n\n\n<p>Ainda sobre a possibilidade de presidir o Partido Socialista Brasileiro (PSB), o senador descartou qualquer articula\u00e7\u00e3o. &#8220;Eu n\u00e3o posso falar a respeito. Seria precipitado tratar de dire\u00e7\u00e3o do partido antes mesmo do processo adequado&#8221;, se referindo as etapas eleitorais.&nbsp;<\/p>\n\n\n\n<p>Logo pela manh\u00e3 o assunto virou manchete na coluna do jornalista Guilherme Amado da Revista \u00c9poca.&nbsp;<a href=\"https:\/\/www.clickpb.com.br\/paraiba\/veneziano-descarta-saida-do-psb-para-eleicoes-de-2020-275295.html\">Saiba mais<\/a><\/p>\n","protected":false},"excerpt":{"rendered":"<p>O senador da rep\u00fablica Veneziano Vital do Rego, em entrevista na manh\u00e3 desta segunda-feira (6) negou que tenha pretens\u00e3o de sair do PSB. A possibilidade&hellip; <\/p>\n","protected":false},"author":1,"featured_media":99568,"comment_status":"closed","ping_status":"closed","sticky":false,"template":"","format":"standard","meta":{"sfsi_plus_gutenberg_text_before_share":"","sfsi_plus_gutenberg_show_text_before_share":"","sfsi_plus_gutenberg_icon_type":"","sfsi_plus_gutenberg_icon_alignemt":"","sfsi_plus_gutenburg_max_per_row":"","footnotes":""},"categories":[11],"tags":[],"class_list":["post-144820","post","type-post","status-publish","format-standard","has-post-thumbnail","hentry","category-politica"],"_links":{"self":[{"href":"https:\/\/www.caririemacao.com\/1\/wp-json\/wp\/v2\/posts\/144820","targetHints":{"allow":["GET"]}}],"collection":[{"href":"https:\/\/www.caririemacao.com\/1\/wp-json\/wp\/v2\/posts"}],"about":[{"href":"https:\/\/www.caririemacao.com\/1\/wp-json\/wp\/v2\/types\/post"}],"author":[{"embeddable":true,"href":"https:\/\/www.caririemacao.com\/1\/wp-json\/wp\/v2\/users\/1"}],"replies":[{"embeddable":true,"href":"https:\/\/www.caririemacao.com\/1\/wp-json\/wp\/v2\/comments?post=144820"}],"version-history":[{"count":1,"href":"https:\/\/www.caririemacao.com\/1\/wp-json\/wp\/v2\/posts\/144820\/revisions"}],"predecessor-version":[{"id":144821,"href":"https:\/\/www.caririemacao.com\/1\/wp-json\/wp\/v2\/posts\/144820\/revisions\/144821"}],"wp:featuredmedia":[{"embeddable":true,"href":"https:\/\/www.caririemacao.com\/1\/wp-json\/wp\/v2\/media\/99568"}],"wp:attachment":[{"href":"https:\/\/www.caririemacao.com\/1\/wp-json\/wp\/v2\/media?parent=144820"}],"wp:term":[{"taxonomy":"category","embeddable":true,"href":"https:\/\/www.caririemacao.com\/1\/wp-json\/wp\/v2\/categories?post=144820"},{"taxonomy":"post_tag","embeddable":true,"href":"https:\/\/www.caririemacao.com\/1\/wp-json\/wp\/v2\/tags?post=144820"}],"curies":[{"name":"wp","href":"https:\/\/api.w.org\/{rel}","templated":true}]}}