{"id":144824,"date":"2020-01-06T13:46:51","date_gmt":"2020-01-06T16:46:51","guid":{"rendered":"http:\/\/www.caririemacao.com\/1\/?p=144824"},"modified":"2020-01-06T13:46:51","modified_gmt":"2020-01-06T16:46:51","slug":"em-novo-ataque-a-imprensa-bolsonaro-diz-que-jornalistas-sao-raca-em-extincao","status":"publish","type":"post","link":"https:\/\/www.caririemacao.com\/1\/2020\/01\/06\/em-novo-ataque-a-imprensa-bolsonaro-diz-que-jornalistas-sao-raca-em-extincao\/","title":{"rendered":"Em novo ataque \u00e0 imprensa, Bolsonaro diz que jornalistas s\u00e3o &#8216;ra\u00e7a em extin\u00e7\u00e3o&#8217;"},"content":{"rendered":"\n<p>Em mais um ataque \u00e0 imprensa, o presidente Jair Bolsonaro afirmou nesta segunda-feira (6) que os jornalistas brasileiros s\u00e3o uma &#8220;ra\u00e7a em extin\u00e7\u00e3o&#8221; e acusou o jornal Folha de S.Paulo de escrever mentira.<\/p>\n\n\n\n<p>Na entrada do Pal\u00e1cio do Alvorada, onde cumprimentou um grupo de eleitores, ele disse que cada vez menos pessoas confiam na imprensa e que a leitura di\u00e1ria de jornais envenena e desinforma.&nbsp;<\/p>\n\n\n\n<p>&#8220;Quem n\u00e3o l\u00ea jornal n\u00e3o est\u00e1 informado. E quem l\u00ea est\u00e1 desinformado. Tem de mudar isso. Voc\u00eas s\u00e3o uma esp\u00e9cie em extin\u00e7\u00e3o. Eu acho que vou botar os jornalistas do Brasil vinculados ao Ibama [Instituto Brasileiro do Meio Ambiente]. Voc\u00eas s\u00e3o uma ra\u00e7a em extin\u00e7\u00e3o&#8221;, afirmou.<\/p>\n\n\n\n<p>O ataque do presidente foi feito ao criticar uma reportagem do UOL, que tem participa\u00e7\u00e3o acion\u00e1ria minorit\u00e1ria e indireta da Folha de S.Paulo.<\/p>\n\n\n\n<p>A reportagem lembra que, apesar de estimular os eleitores a n\u00e3o votarem em candidatos que utilizarem o fundo eleitoral, Bolsonaro usou recursos p\u00fablicos em sua campanha a deputado federal em 2014.&nbsp;<\/p>\n\n\n\n<p>O presidente disse que o texto o acusa de ter utilizado o fundo eleitoral. A reportagem refere-se ao repasse de verba p\u00fablica ao PP, partido ao qual ele era filiado.&nbsp;<\/p>\n\n\n\n<p>&#8220;O UOL falou: Bolsonaro falou para n\u00e3o votar em candidatos que usem o fund\u00e3o, mas ele usou em 2014. O fund\u00e3o \u00e9 de 2017. \u00c9 de uma imbecilidade. N\u00e3o vou dizer todo mundo aqui, para n\u00e3o ser processado pela ANJ [Associa\u00e7\u00e3o Nacional de Jornais] e n\u00e3o sei o qu\u00ea, mas \u00e9 de uma imbecilidade. N\u00e3o sabe nem mentir mais&#8221;, disse.<\/p>\n\n\n\n<p>Na sequ\u00eancia, o presidente criticou campanha publicit\u00e1ria da Folha de S.Paulo em defesa da imprensa. Segundo ele, apesar de o jornal saber a diferen\u00e7a entre a verdade e a mentira, ele desinforma. Bolsonaro, no entanto, n\u00e3o apresentou nenhum exemplo ou prova de sua acusa\u00e7\u00e3o.<\/p>\n\n\n\n<p>&#8220;Porque envenena a gente ler jornal. Chega envenenado. Hoje, a Folha fez um comunicado, apelando ali para assinar, que a Folha sabe exatamente do corte entre a mentira e a verdade. Verdade, sabe exatamente o corte, s\u00f3 que usa a mentira. Essa \u00e9 a imprensa brasileira, que eu n\u00e3o quero isso para a imprensa&#8221;, disse.<\/p>\n\n\n\n<p>O presidente ressaltou que, para este ano, cancelou as assinaturas impressas de jornais e revistas no Pal\u00e1cio do Planalto. Ele, no entanto, manteve as digitais e, ap\u00f3s ser criticado, recuou da exclus\u00e3o da Folha de S.Paulo de concorr\u00eancia p\u00fablica.<\/p>\n\n\n\n<p>&#8220;\u00c9 importante a informa\u00e7\u00e3o, n\u00e3o a desinforma\u00e7\u00e3o ou o fake news. Por exemplo, eu cancelei todos os jornais do Pal\u00e1cio do Planalto. Todos, todos, n\u00e3o recebo mais papel de jornal ou revista. Quem quiser que vai comprar&#8221;, disse.<\/p>\n\n\n\n<p>Ao todo, eram assinados em formato impresso sete jornais e oito revistas. Por dia, eram entregues, em m\u00e9dia, 25 exemplares. O custo anual das assinaturas impressas era de cerca de R$ 580 mil. Com a Folha de S.Paulo, entre janeiro e outubro, o Pal\u00e1cio do Planalto desembolsou R$ 27.659.<br><\/p>\n","protected":false},"excerpt":{"rendered":"<p>Em mais um ataque \u00e0 imprensa, o presidente Jair Bolsonaro afirmou nesta segunda-feira (6) que os jornalistas brasileiros s\u00e3o uma &#8220;ra\u00e7a em extin\u00e7\u00e3o&#8221; e acusou&hellip; <\/p>\n","protected":false},"author":1,"featured_media":139057,"comment_status":"closed","ping_status":"closed","sticky":false,"template":"","format":"standard","meta":{"sfsi_plus_gutenberg_text_before_share":"","sfsi_plus_gutenberg_show_text_before_share":"","sfsi_plus_gutenberg_icon_type":"","sfsi_plus_gutenberg_icon_alignemt":"","sfsi_plus_gutenburg_max_per_row":"","footnotes":""},"categories":[11],"tags":[],"class_list":["post-144824","post","type-post","status-publish","format-standard","has-post-thumbnail","hentry","category-politica"],"_links":{"self":[{"href":"https:\/\/www.caririemacao.com\/1\/wp-json\/wp\/v2\/posts\/144824","targetHints":{"allow":["GET"]}}],"collection":[{"href":"https:\/\/www.caririemacao.com\/1\/wp-json\/wp\/v2\/posts"}],"about":[{"href":"https:\/\/www.caririemacao.com\/1\/wp-json\/wp\/v2\/types\/post"}],"author":[{"embeddable":true,"href":"https:\/\/www.caririemacao.com\/1\/wp-json\/wp\/v2\/users\/1"}],"replies":[{"embeddable":true,"href":"https:\/\/www.caririemacao.com\/1\/wp-json\/wp\/v2\/comments?post=144824"}],"version-history":[{"count":1,"href":"https:\/\/www.caririemacao.com\/1\/wp-json\/wp\/v2\/posts\/144824\/revisions"}],"predecessor-version":[{"id":144825,"href":"https:\/\/www.caririemacao.com\/1\/wp-json\/wp\/v2\/posts\/144824\/revisions\/144825"}],"wp:featuredmedia":[{"embeddable":true,"href":"https:\/\/www.caririemacao.com\/1\/wp-json\/wp\/v2\/media\/139057"}],"wp:attachment":[{"href":"https:\/\/www.caririemacao.com\/1\/wp-json\/wp\/v2\/media?parent=144824"}],"wp:term":[{"taxonomy":"category","embeddable":true,"href":"https:\/\/www.caririemacao.com\/1\/wp-json\/wp\/v2\/categories?post=144824"},{"taxonomy":"post_tag","embeddable":true,"href":"https:\/\/www.caririemacao.com\/1\/wp-json\/wp\/v2\/tags?post=144824"}],"curies":[{"name":"wp","href":"https:\/\/api.w.org\/{rel}","templated":true}]}}