{"id":144832,"date":"2020-01-06T13:49:24","date_gmt":"2020-01-06T16:49:24","guid":{"rendered":"http:\/\/www.caririemacao.com\/1\/?p=144832"},"modified":"2020-01-06T13:49:24","modified_gmt":"2020-01-06T16:49:24","slug":"crise-mundial-bolsonaro-avisa-que-nao-interferira-no-preco-da-gasolina","status":"publish","type":"post","link":"https:\/\/www.caririemacao.com\/1\/2020\/01\/06\/crise-mundial-bolsonaro-avisa-que-nao-interferira-no-preco-da-gasolina\/","title":{"rendered":"Crise mundial: Bolsonaro avisa que n\u00e3o interferir\u00e1 no pre\u00e7o da gasolina"},"content":{"rendered":"\n<p>Mesmo com a eleva\u00e7\u00e3o da tens\u00e3o entre Estados Unidos e Ir\u00e3, o presidente Jair Bolsonaro disse que n\u00e3o ir\u00e1 interferir no pre\u00e7o da gasolina e que a tend\u00eancia \u00e9 que o valor do combust\u00edvel se estabilize.<\/p>\n\n\n\n<p>Na entrada do Pal\u00e1cio do Alvorada, onde cumprimentou um grupo de eleitores, ele afirmou que o Minist\u00e9rio de Minas e Energia ir\u00e1 promover nesta segunda-feira (6) reuni\u00e3o com entidades de petr\u00f3leo e g\u00e1s para monitorar a varia\u00e7\u00e3o de pre\u00e7os.<\/p>\n\n\n\n<p>\u201cCai tudo no meu colo e parece que sou respons\u00e1vel por tudo. Querem que eu tabele. N\u00e3o tem como tabelar. Nossa pol\u00edtica n\u00e3o \u00e9 essa. Pol\u00edticas semelhantes no passado n\u00e3o deram certo. A nossa economia t\u00e1 dando certo\u201d, disse.<\/p>\n\n\n\n<p>O presidente reconheceu que o pre\u00e7o da gasolina nas bombas dos postos de gasolina est\u00e1 alto, mas ponderou que \u201cn\u00e3o foi grande\u201d o impacto do ataque americano sobre o valor do combust\u00edvel.<\/p>\n\n\n\n<p>Na sexta-feira (3), a cota\u00e7\u00e3o do petr\u00f3leo negociado em Londres chegou a subir mais de 4% no in\u00edcio do preg\u00e3o. Por volta das 15h, por\u00e9m, recuou para cerca de 3,5%. Ao fim do dia, o petr\u00f3leo encerrou com alta de 3,70%, cotado em US$ 68,70.<\/p>\n\n\n\n<p>\u201cEu reconhe\u00e7o que o pre\u00e7o est\u00e1 alto na bomba. Gra\u00e7as a Deus, pelo que parece, a quest\u00e3o l\u00e1, o impacto n\u00e3o foi grande. Foi 5% e passou para 3,5%. N\u00e3o sei quanto est\u00e1 hoje a diferen\u00e7a em rela\u00e7\u00e3o ao dia do ataque. Mas a tend\u00eancia \u00e9 estabilizar\u201d, afirmou.<\/p>\n\n\n\n<p>O presidente ressaltou que o Brasil pretende colaborar com o combate ao terrorismo global e que ir\u00e1 deportar suspeitos de fazerem parte de organiza\u00e7\u00f5es criminosas internacionais.<\/p>\n\n\n\n<p>\u201cN\u00f3s n\u00e3o aceitamos o terrorismo, n\u00e3o interessa o lugar do mundo [em] que ele venha a acontecer\u201d, disse. \u201cSe tiver qualquer terrorismo no Brasil, a gente entrega. \u00c9 por a\u00ed\u201d, acrescentou.<\/p>\n\n\n\n<p>Bolsonaro voltou a manifestar apoio ao presidente dos Estados Unidos, Donald Trump, e disse n\u00e3o ter d\u00favidas de que ele ser\u00e1 reeleito neste ano. Em uma cr\u00edtica indireta ao Ir\u00e3, afirmou que pa\u00edses com artefatos nucleares podem causar instabilidade.<\/p>\n\n\n\n<p>O presidente duvidou ainda da patente militar do general Qassim Suleimani, morto na semana passada em um ataque que deu in\u00edcio ao conflito entre Estados Unidos e Ir\u00e3. Sem dar maiores detalhes, Bolsonaro disse que ele n\u00e3o \u00e9 general.<\/p>\n\n\n\n<p>\u201cTrump vai ser reeleito, algu\u00e9m tem d\u00favida disso? O pa\u00eds est\u00e1 indo muito bem. O desemprego l\u00e1 embaixo e a economia bombando, exercendo seu poder de persuas\u00e3o no mundo. Gra\u00e7as a Deus tem os Estados Unidos\u201d, disse. \u201cTem certos pa\u00edses, n\u00e3o vou falar qual, se tiver artefatos nucleares e meios para lan\u00e7\u00e1-los, o mundo todo entra em instabilidade. Todos v\u00e3o sofrer, sem exce\u00e7\u00e3o\u201d, acrescentou.<\/p>\n\n\n\n<p>O governo iraniano anunciou no final de semana que o pa\u00eds vai deixar de cumprir as exig\u00eancias do acordo nuclear de 2015, colocando um ponto final no pacto. Na pr\u00e1tica, isso significa que o pa\u00eds n\u00e3o limitar\u00e1 mais o grau de enriquecimento de ur\u00e2nio que pode utilizar e nem o n\u00famero de centr\u00edfugas a que tem direito.<br><\/p>\n","protected":false},"excerpt":{"rendered":"<p>Mesmo com a eleva\u00e7\u00e3o da tens\u00e3o entre Estados Unidos e Ir\u00e3, o presidente Jair Bolsonaro disse que n\u00e3o ir\u00e1 interferir no pre\u00e7o da gasolina e&hellip; <\/p>\n","protected":false},"author":1,"featured_media":28205,"comment_status":"closed","ping_status":"closed","sticky":false,"template":"","format":"standard","meta":{"sfsi_plus_gutenberg_text_before_share":"","sfsi_plus_gutenberg_show_text_before_share":"","sfsi_plus_gutenberg_icon_type":"","sfsi_plus_gutenberg_icon_alignemt":"","sfsi_plus_gutenburg_max_per_row":"","footnotes":""},"categories":[11],"tags":[],"class_list":["post-144832","post","type-post","status-publish","format-standard","has-post-thumbnail","hentry","category-politica"],"_links":{"self":[{"href":"https:\/\/www.caririemacao.com\/1\/wp-json\/wp\/v2\/posts\/144832","targetHints":{"allow":["GET"]}}],"collection":[{"href":"https:\/\/www.caririemacao.com\/1\/wp-json\/wp\/v2\/posts"}],"about":[{"href":"https:\/\/www.caririemacao.com\/1\/wp-json\/wp\/v2\/types\/post"}],"author":[{"embeddable":true,"href":"https:\/\/www.caririemacao.com\/1\/wp-json\/wp\/v2\/users\/1"}],"replies":[{"embeddable":true,"href":"https:\/\/www.caririemacao.com\/1\/wp-json\/wp\/v2\/comments?post=144832"}],"version-history":[{"count":1,"href":"https:\/\/www.caririemacao.com\/1\/wp-json\/wp\/v2\/posts\/144832\/revisions"}],"predecessor-version":[{"id":144833,"href":"https:\/\/www.caririemacao.com\/1\/wp-json\/wp\/v2\/posts\/144832\/revisions\/144833"}],"wp:featuredmedia":[{"embeddable":true,"href":"https:\/\/www.caririemacao.com\/1\/wp-json\/wp\/v2\/media\/28205"}],"wp:attachment":[{"href":"https:\/\/www.caririemacao.com\/1\/wp-json\/wp\/v2\/media?parent=144832"}],"wp:term":[{"taxonomy":"category","embeddable":true,"href":"https:\/\/www.caririemacao.com\/1\/wp-json\/wp\/v2\/categories?post=144832"},{"taxonomy":"post_tag","embeddable":true,"href":"https:\/\/www.caririemacao.com\/1\/wp-json\/wp\/v2\/tags?post=144832"}],"curies":[{"name":"wp","href":"https:\/\/api.w.org\/{rel}","templated":true}]}}