{"id":144847,"date":"2020-01-06T14:05:07","date_gmt":"2020-01-06T17:05:07","guid":{"rendered":"http:\/\/www.caririemacao.com\/1\/?p=144847"},"modified":"2020-01-06T14:05:07","modified_gmt":"2020-01-06T17:05:07","slug":"bolsonaro-afirma-ser-contra-rever-tarifa-de-energia-solar-mas-decisao-e-da-aneel","status":"publish","type":"post","link":"https:\/\/www.caririemacao.com\/1\/2020\/01\/06\/bolsonaro-afirma-ser-contra-rever-tarifa-de-energia-solar-mas-decisao-e-da-aneel\/","title":{"rendered":"Bolsonaro afirma ser contra rever tarifa de energia solar, mas decis\u00e3o \u00e9 da Aneel"},"content":{"rendered":"\n<p>O presidente Jair Bolsonaro disse, em v\u00eddeo publicado em suas redes sociais neste domingo (5), que, se depender dele, n\u00e3o haver\u00e1 uma revis\u00e3o que aumente a tarifa da energia solar no pa\u00eds.<\/p>\n\n\n\n<p>\u201c\u00c9 posi\u00e7\u00e3o do presidente da Rep\u00fablica, no que depender de n\u00f3s, n\u00e3o haver\u00e1 taxa\u00e7\u00e3o da energia solar\u201d, afirmou.<\/p>\n\n\n\n<p>Ele reconheceu, no entanto, que quem decide a quest\u00e3o \u00e9 a entidade reguladora Aneel (Ag\u00eancia Nacional de Energia El\u00e9trica).<\/p>\n\n\n\n<p>\u201c\u00c9 uma ag\u00eancia aut\u00f4noma. Seus integrantes t\u00eam mandato, e eu n\u00e3o tenho qualquer inger\u00eancia sobre eles. A decis\u00e3o \u00e9 deles\u201d, disse.<\/p>\n\n\n\n<p>\u201cDeixo claro que n\u00f3s, do governo, n\u00e3o discutiremos mais esse assunto.\u201d<\/p>\n\n\n\n<p>Com a meta de incentivar a gera\u00e7\u00e3o de energia a partir do Sol, a Aneel estabeleceu, em 2012, que o dono da casa onde fossem instalados pain\u00e9is solares n\u00e3o pagaria encargos, subs\u00eddios e tributos pela produ\u00e7\u00e3o, pelo consumo ou pela distribui\u00e7\u00e3o do excedente de energia.<\/p>\n\n\n\n<p>A pr\u00f3pria ag\u00eancia, por\u00e9m, j\u00e1 previa uma revis\u00e3o desta medida em 2019.<\/p>\n\n\n\n<p>No ano passado, houve uma grande discuss\u00e3o acerca do tema. De um lado, as distribuidoras de energia alegavam que os incentivos dados estavam gerando custos para elas e os demais consumidores.<\/p>\n\n\n\n<p>Na outra ponta, o argumento era que o est\u00edmulo \u00e0 energia limpa solar ainda se mostrava necess\u00e1rio porque o segmento n\u00e3o alcan\u00e7ou a maturidade desejada no pa\u00eds.<\/p>\n\n\n\n<p>De fato, a energia solar, no todo, ainda \u00e9 incipiente. Segundo dados da Aneel, ela representa apenas 1,2% da matriz energ\u00e9tica brasileira. \u00c9 a s\u00e9tima fonte, longe dos 61% das hidrel\u00e9tricas e atr\u00e1s da sua maior competidora, a e\u00f3lica, que fica com 8,7%.<\/p>\n\n\n\n<p>A modalidade dessa gera\u00e7\u00e3o saiu quase do zero em 2012 para mais de 660 megawatts atualmente.<\/p>\n\n\n\n<p>Uma consulta p\u00fablica sobre o tema estava aberta na ag\u00eancia reguladora at\u00e9 o dia 30 de dezembro de 2019.<\/p>\n\n\n\n<p>As propostas levadas \u00e0 Aneel dever\u00e3o agora ser apresentadas e discutidas. A proje\u00e7\u00e3o do mercado \u00e9 que o debate se arraste at\u00e9 o meio deste ano.<\/p>\n","protected":false},"excerpt":{"rendered":"<p>O presidente Jair Bolsonaro disse, em v\u00eddeo publicado em suas redes sociais neste domingo (5), que, se depender dele, n\u00e3o haver\u00e1 uma revis\u00e3o que aumente&hellip; <\/p>\n","protected":false},"author":1,"featured_media":126236,"comment_status":"closed","ping_status":"closed","sticky":false,"template":"","format":"standard","meta":{"sfsi_plus_gutenberg_text_before_share":"","sfsi_plus_gutenberg_show_text_before_share":"","sfsi_plus_gutenberg_icon_type":"","sfsi_plus_gutenberg_icon_alignemt":"","sfsi_plus_gutenburg_max_per_row":"","footnotes":""},"categories":[11],"tags":[],"class_list":["post-144847","post","type-post","status-publish","format-standard","has-post-thumbnail","hentry","category-politica"],"_links":{"self":[{"href":"https:\/\/www.caririemacao.com\/1\/wp-json\/wp\/v2\/posts\/144847","targetHints":{"allow":["GET"]}}],"collection":[{"href":"https:\/\/www.caririemacao.com\/1\/wp-json\/wp\/v2\/posts"}],"about":[{"href":"https:\/\/www.caririemacao.com\/1\/wp-json\/wp\/v2\/types\/post"}],"author":[{"embeddable":true,"href":"https:\/\/www.caririemacao.com\/1\/wp-json\/wp\/v2\/users\/1"}],"replies":[{"embeddable":true,"href":"https:\/\/www.caririemacao.com\/1\/wp-json\/wp\/v2\/comments?post=144847"}],"version-history":[{"count":1,"href":"https:\/\/www.caririemacao.com\/1\/wp-json\/wp\/v2\/posts\/144847\/revisions"}],"predecessor-version":[{"id":144849,"href":"https:\/\/www.caririemacao.com\/1\/wp-json\/wp\/v2\/posts\/144847\/revisions\/144849"}],"wp:featuredmedia":[{"embeddable":true,"href":"https:\/\/www.caririemacao.com\/1\/wp-json\/wp\/v2\/media\/126236"}],"wp:attachment":[{"href":"https:\/\/www.caririemacao.com\/1\/wp-json\/wp\/v2\/media?parent=144847"}],"wp:term":[{"taxonomy":"category","embeddable":true,"href":"https:\/\/www.caririemacao.com\/1\/wp-json\/wp\/v2\/categories?post=144847"},{"taxonomy":"post_tag","embeddable":true,"href":"https:\/\/www.caririemacao.com\/1\/wp-json\/wp\/v2\/tags?post=144847"}],"curies":[{"name":"wp","href":"https:\/\/api.w.org\/{rel}","templated":true}]}}