{"id":144855,"date":"2020-01-06T18:49:04","date_gmt":"2020-01-06T21:49:04","guid":{"rendered":"http:\/\/www.caririemacao.com\/1\/?p=144855"},"modified":"2020-01-06T18:49:04","modified_gmt":"2020-01-06T21:49:04","slug":"pedra-rende-homenagens-ao-medico-que-fez-mais-de-23-mil-partos-dr-ezequiel-braz","status":"publish","type":"post","link":"https:\/\/www.caririemacao.com\/1\/2020\/01\/06\/pedra-rende-homenagens-ao-medico-que-fez-mais-de-23-mil-partos-dr-ezequiel-braz\/","title":{"rendered":"Pedra rende homenagens ao m\u00e9dico que fez mais de 23 mil partos, Dr. Ezequiel Braz"},"content":{"rendered":"\n<p>A tradicional Festa de Reis da cidade da Pedra, Agreste de Pernambuco, foi marcada ontem, al\u00e9m dos shows de Geninho Batalha, Harry Estigado e L\u00e9o Magalh\u00e3es, pela bel\u00edssima homenagem ao m\u00e9dico que marcou hist\u00f3ria no munic\u00edpio e em toda a regi\u00e3o, Dr. Ezequiel Braz Macedo, de 89 anos. O \u00edcone da medicina do munic\u00edpio recebeu das m\u00e3os do prefeito e neto, Os\u00f3rio Filho (PSB), a homenagem durante solenidade no Polo Cultural da festa.<br>Os\u00f3rio destacou a import\u00e2ncia do Dr. Ezequiel para o munic\u00edpio e em tom emocionado disse que se sentir muito orgulhoso em poder fazer essa homenagem ao lado da sua av\u00f3, D. Socorro, e do tio Edson Braz e Francisco Braz, ex-prefeito do munic\u00edpio, al\u00e9m de vereadores, lideran\u00e7as pol\u00edticas e a popula\u00e7\u00e3o.<\/p>\n\n\n\n<p>\u201cDr. Ezequiel \u00e9 um daqueles homens predestinados por Deus, que fez da medicina seu sacerd\u00f3cio e ensinou a filhos, netos, bisnetos a amar a cidade da Pedra, de onde nunca saiu apesar dos convites feitos para atuar em outros munic\u00edpios\u201d, afirmou Os\u00f3rio dizendo-se sentir-se feliz ao ouvir as pessoas darem depoimentos que receberam a visita do Dr. Ezequiel em algum momento de suas vidas.<br>Para o irm\u00e3o do Dr. Ezequiel, Dr. Edson Braz, a homenagem foi \u201cdas mais merecidas\u201d, lembrando que todas as fam\u00edlias da Pedra t\u00eam algum parente que passou pelas m\u00e3os do m\u00e9dico \u201cque j\u00e1 faz parte da hist\u00f3ria do munic\u00edpio\u201d. Lembrou que o m\u00e9dico, respons\u00e1vel por mais de 20 mil partos, dedicou sua vida a medicina esquecendo, muitas vezes, sua vida social e at\u00e9 familiar. \u201cTenho o sentimento de orgulho e vaidade por ter um irm\u00e3o e cidad\u00e3o deste porte\u201d, finalizou.<br><\/p>\n\n\n\n<figure class=\"wp-block-image\"><a href=\"https:\/\/1.bp.blogspot.com\/-jZz-j3cIEac\/XhNg3zIqD1I\/AAAAAAAAgC4\/4F4FJcSSkQMGYTsozPEMLAMF8bFLbuphwCLcBGAsYHQ\/s1600\/WhatsApp%2BImage%2B2020-01-06%2Bat%2B11.01.43.jpeg\"><img decoding=\"async\" data-src=\"https:\/\/1.bp.blogspot.com\/-jZz-j3cIEac\/XhNg3zIqD1I\/AAAAAAAAgC4\/4F4FJcSSkQMGYTsozPEMLAMF8bFLbuphwCLcBGAsYHQ\/s280\/WhatsApp%2BImage%2B2020-01-06%2Bat%2B11.01.43.jpeg\" alt=\"\" src=\"data:image\/svg+xml;base64,PHN2ZyB3aWR0aD0iMSIgaGVpZ2h0PSIxIiB4bWxucz0iaHR0cDovL3d3dy53My5vcmcvMjAwMC9zdmciPjwvc3ZnPg==\" class=\"lazyload\" \/><\/a><\/figure>\n\n\n\n<p>Em sua r\u00e1pida fala, prejudicada j\u00e1 pelo tempo, o Dr. Ezequiel Braz agradeceu a \u201cbela homenagem que recebo hoje do meu neto, diante de tantas outras que j\u00e1 recebi, essa \u00e9 mais que especial\u201d. Para o filho e ex-prefeito Francisco Braz, a homenagem \u00e9 mais do que justa e representa um reconhecimento a quem tanto fez pela Pedra.<br><strong>Dr. Ezequiel Braz Macedo \u2013<\/strong>&nbsp;nascido em 1\u00ba de abril de 1930 pelas m\u00e3os de uma parteira, em Fazenda Nova munic\u00edpio de Serra Branca, filho de Francisco Braz de Mac\u00eado e da Sra. Maria Pereira de Mac\u00eado, aos 14 anos foi morar no Recife onde estudou e no ano de 1949 foi convocado e serviu na Aeron\u00e1utica. Em 1951 prestou vestibular de medicina e em 1958 formou-se, vindo da capital do estado para a cidade da Pedra exercer sua profiss\u00e3o.&nbsp;<br><\/p>\n\n\n\n<figure class=\"wp-block-image\"><a href=\"https:\/\/1.bp.blogspot.com\/-ipkbdSEVlmA\/XhNhHaHcwUI\/AAAAAAAAgDA\/OCesSwTLPUwSEvRevLtbA-X-5Qe-yEO3gCLcBGAsYHQ\/s1600\/WhatsApp%2BImage%2B2020-01-06%2Bat%2B11.01.44.jpeg\"><img decoding=\"async\" data-src=\"https:\/\/1.bp.blogspot.com\/-ipkbdSEVlmA\/XhNhHaHcwUI\/AAAAAAAAgDA\/OCesSwTLPUwSEvRevLtbA-X-5Qe-yEO3gCLcBGAsYHQ\/s280\/WhatsApp%2BImage%2B2020-01-06%2Bat%2B11.01.44.jpeg\" alt=\"\" src=\"data:image\/svg+xml;base64,PHN2ZyB3aWR0aD0iMSIgaGVpZ2h0PSIxIiB4bWxucz0iaHR0cDovL3d3dy53My5vcmcvMjAwMC9zdmciPjwvc3ZnPg==\" class=\"lazyload\" \/><\/a><\/figure>\n\n\n\n<p>Foi ao longo dos anos atuando na \u00e1rea m\u00e9dica que ele se destacou por ser um m\u00e9dico incans\u00e1vel, vocacionado que n\u00e3o media esfor\u00e7os para bem atender a popula\u00e7\u00e3o. Na juventude, casou-se com a Sra. Maria do Socorro Braz Mac\u00eado, de cuja uni\u00e3o nasceram 05 filhos: Ezequiel Braz Mac\u00eado Filho, Cec\u00edlia Braz Mac\u00eado, Francisco Carlos Braz Mac\u00eado, Guilerme Braz Mac\u00eado e Fernanda Braz Mac\u00eado dos quais lhe deram 15 netos e 04 bisnetos. S\u00e3o mais de 60 anos dedicados a sa\u00fade do povo pedrense. Mais de 23 mil partos e a certeza do dever cumprido.\u00a0<br><\/p>\n\n\n\n<p>A Folha das Cidades<\/p>\n\n\n\n<p><em>Fotos: Amanda Oliveira.<\/em><\/p>\n","protected":false},"excerpt":{"rendered":"<p>A tradicional Festa de Reis da cidade da Pedra, Agreste de Pernambuco, foi marcada ontem, al\u00e9m dos shows de Geninho Batalha, Harry Estigado e L\u00e9o&hellip; <\/p>\n","protected":false},"author":1,"featured_media":144857,"comment_status":"closed","ping_status":"closed","sticky":false,"template":"","format":"standard","meta":{"sfsi_plus_gutenberg_text_before_share":"","sfsi_plus_gutenberg_show_text_before_share":"","sfsi_plus_gutenberg_icon_type":"","sfsi_plus_gutenberg_icon_alignemt":"","sfsi_plus_gutenburg_max_per_row":"","footnotes":""},"categories":[2],"tags":[],"class_list":["post-144855","post","type-post","status-publish","format-standard","has-post-thumbnail","hentry","category-geral"],"_links":{"self":[{"href":"https:\/\/www.caririemacao.com\/1\/wp-json\/wp\/v2\/posts\/144855","targetHints":{"allow":["GET"]}}],"collection":[{"href":"https:\/\/www.caririemacao.com\/1\/wp-json\/wp\/v2\/posts"}],"about":[{"href":"https:\/\/www.caririemacao.com\/1\/wp-json\/wp\/v2\/types\/post"}],"author":[{"embeddable":true,"href":"https:\/\/www.caririemacao.com\/1\/wp-json\/wp\/v2\/users\/1"}],"replies":[{"embeddable":true,"href":"https:\/\/www.caririemacao.com\/1\/wp-json\/wp\/v2\/comments?post=144855"}],"version-history":[{"count":1,"href":"https:\/\/www.caririemacao.com\/1\/wp-json\/wp\/v2\/posts\/144855\/revisions"}],"predecessor-version":[{"id":144858,"href":"https:\/\/www.caririemacao.com\/1\/wp-json\/wp\/v2\/posts\/144855\/revisions\/144858"}],"wp:featuredmedia":[{"embeddable":true,"href":"https:\/\/www.caririemacao.com\/1\/wp-json\/wp\/v2\/media\/144857"}],"wp:attachment":[{"href":"https:\/\/www.caririemacao.com\/1\/wp-json\/wp\/v2\/media?parent=144855"}],"wp:term":[{"taxonomy":"category","embeddable":true,"href":"https:\/\/www.caririemacao.com\/1\/wp-json\/wp\/v2\/categories?post=144855"},{"taxonomy":"post_tag","embeddable":true,"href":"https:\/\/www.caririemacao.com\/1\/wp-json\/wp\/v2\/tags?post=144855"}],"curies":[{"name":"wp","href":"https:\/\/api.w.org\/{rel}","templated":true}]}}