{"id":144862,"date":"2020-01-06T19:22:15","date_gmt":"2020-01-06T22:22:15","guid":{"rendered":"http:\/\/www.caririemacao.com\/1\/?p=144862"},"modified":"2020-01-06T19:28:39","modified_gmt":"2020-01-06T22:28:39","slug":"luto-ex-prefeito-de-camalau-morre-em-joao-pessoa","status":"publish","type":"post","link":"https:\/\/www.caririemacao.com\/1\/2020\/01\/06\/luto-ex-prefeito-de-camalau-morre-em-joao-pessoa\/","title":{"rendered":"LUTO: Ex-prefeito de Camala\u00fa morre em Jo\u00e3o Pessoa"},"content":{"rendered":"\n<p>Acaba de falecer o ex-vereador e ex-prefeito de Camala\u00fa, Ant\u00f4nio Carlos Chaves Ventura (Ventura Chaves), ocorrido na cidade de Jo\u00e3o Pessoa. <\/p>\n\n\n\n<p>Ele estava se tratando de uma doen\u00e7a. Ventura tinha passando por alguns procedimentos cir\u00fargicos mas veio a \u00f3bito no final da tarfe desta segunda-feira, dia 06\/01.<\/p>\n\n\n\n<p>Informa\u00e7\u00f5es a qualquer momento.<\/p>\n","protected":false},"excerpt":{"rendered":"<p>Acaba de falecer o ex-vereador e ex-prefeito de Camala\u00fa, Ant\u00f4nio Carlos Chaves Ventura (Ventura Chaves), ocorrido na cidade de Jo\u00e3o Pessoa. Ele estava se tratando&hellip; <\/p>\n","protected":false},"author":1,"featured_media":87263,"comment_status":"closed","ping_status":"closed","sticky":false,"template":"","format":"standard","meta":{"sfsi_plus_gutenberg_text_before_share":"","sfsi_plus_gutenberg_show_text_before_share":"","sfsi_plus_gutenberg_icon_type":"","sfsi_plus_gutenberg_icon_alignemt":"","sfsi_plus_gutenburg_max_per_row":"","footnotes":""},"categories":[50,2],"tags":[],"class_list":["post-144862","post","type-post","status-publish","format-standard","has-post-thumbnail","hentry","category-destaque","category-geral"],"_links":{"self":[{"href":"https:\/\/www.caririemacao.com\/1\/wp-json\/wp\/v2\/posts\/144862","targetHints":{"allow":["GET"]}}],"collection":[{"href":"https:\/\/www.caririemacao.com\/1\/wp-json\/wp\/v2\/posts"}],"about":[{"href":"https:\/\/www.caririemacao.com\/1\/wp-json\/wp\/v2\/types\/post"}],"author":[{"embeddable":true,"href":"https:\/\/www.caririemacao.com\/1\/wp-json\/wp\/v2\/users\/1"}],"replies":[{"embeddable":true,"href":"https:\/\/www.caririemacao.com\/1\/wp-json\/wp\/v2\/comments?post=144862"}],"version-history":[{"count":4,"href":"https:\/\/www.caririemacao.com\/1\/wp-json\/wp\/v2\/posts\/144862\/revisions"}],"predecessor-version":[{"id":144866,"href":"https:\/\/www.caririemacao.com\/1\/wp-json\/wp\/v2\/posts\/144862\/revisions\/144866"}],"wp:featuredmedia":[{"embeddable":true,"href":"https:\/\/www.caririemacao.com\/1\/wp-json\/wp\/v2\/media\/87263"}],"wp:attachment":[{"href":"https:\/\/www.caririemacao.com\/1\/wp-json\/wp\/v2\/media?parent=144862"}],"wp:term":[{"taxonomy":"category","embeddable":true,"href":"https:\/\/www.caririemacao.com\/1\/wp-json\/wp\/v2\/categories?post=144862"},{"taxonomy":"post_tag","embeddable":true,"href":"https:\/\/www.caririemacao.com\/1\/wp-json\/wp\/v2\/tags?post=144862"}],"curies":[{"name":"wp","href":"https:\/\/api.w.org\/{rel}","templated":true}]}}