{"id":144873,"date":"2020-01-07T08:11:45","date_gmt":"2020-01-07T11:11:45","guid":{"rendered":"http:\/\/www.caririemacao.com\/1\/?p=144873"},"modified":"2020-01-07T08:11:45","modified_gmt":"2020-01-07T11:11:45","slug":"secretarias-municipais-de-monteiro-iniciam-trabalhos-com-evento-para-gestantes","status":"publish","type":"post","link":"https:\/\/www.caririemacao.com\/1\/2020\/01\/07\/secretarias-municipais-de-monteiro-iniciam-trabalhos-com-evento-para-gestantes\/","title":{"rendered":"Secretarias Municipais de Monteiro iniciam trabalhos com evento para gestantes"},"content":{"rendered":"\n<p>Para as gestantes atendidas pelos servi\u00e7os municipais, o ano teve in\u00edcio de forma acolhedora e divertida com o primeiro encontro. O evento abre o calend\u00e1rio oficial das secretarias de Sa\u00fade e Desenvolvimento Social de Monteiro.<br>Ao todo participaram 40 gr\u00e1vidas,&nbsp;&nbsp;que receberam palestras e orienta\u00e7\u00f5es das equipes da Aten\u00e7\u00e3o B\u00e1sica e Desenvolvimento Social. Al\u00e9m das informa\u00e7\u00f5es, as futuras mam\u00e3es tamb\u00e9m receberam os kits com bolsa, sa\u00edda de maternidade, mamadeira, babador, toalha, banheira e outros itens.<br><\/p>\n\n\n\n<figure class=\"wp-block-image\"><a href=\"https:\/\/i2.wp.com\/www.vitrinedocariri.com.br\/wp-content\/uploads\/2020\/01\/Secretarias-Municipais-de-Monteiro-inicia-trabalhos-com-evento-para-gestantes-14.jpeg?resize=300%2C199&amp;ssl=1\"><img decoding=\"async\" data-src=\"https:\/\/i2.wp.com\/www.vitrinedocariri.com.br\/wp-content\/uploads\/2020\/01\/Secretarias-Municipais-de-Monteiro-inicia-trabalhos-com-evento-para-gestantes-14.jpeg?resize=300%2C199&amp;ssl=1\" alt=\"\" src=\"data:image\/svg+xml;base64,PHN2ZyB3aWR0aD0iMSIgaGVpZ2h0PSIxIiB4bWxucz0iaHR0cDovL3d3dy53My5vcmcvMjAwMC9zdmciPjwvc3ZnPg==\" class=\"lazyload\" \/><\/a><\/figure>\n\n\n\n<p>O momento foi prestigiado por vereadores, secret\u00e1rios e autoridades que tamb\u00e9m participaram de um delicioso lanche servido pelas equipes.&nbsp;<br>\u201cEstamos come\u00e7ando o ano pensando nos nossos pequenos monteirenses. Temos todo o cuidado com nossas gestantes e esse acolhimento gera uma seguran\u00e7a emocional para as mulheres, pois, aqui reafirmamos que estamos prontos para todo o suporte que elas necessitam, e isso \u00e9 gratificante\u201d, comentou a secret\u00e1ria de sa\u00fade, Paula Oliveira.<br>\u201cTemos um in\u00edcio de ano lindo e florido com nossas mam\u00e3es participando deste momento, recebendo nosso carinho. Nada melhor que come\u00e7ar o ano neste clima\u201d, disse Rosa Aleixo, do Desenvolvimento Social.<\/p>\n","protected":false},"excerpt":{"rendered":"<p>Para as gestantes atendidas pelos servi\u00e7os municipais, o ano teve in\u00edcio de forma acolhedora e divertida com o primeiro encontro. O evento abre o calend\u00e1rio&hellip; <\/p>\n","protected":false},"author":1,"featured_media":144874,"comment_status":"closed","ping_status":"closed","sticky":false,"template":"","format":"standard","meta":{"sfsi_plus_gutenberg_text_before_share":"","sfsi_plus_gutenberg_show_text_before_share":"","sfsi_plus_gutenberg_icon_type":"","sfsi_plus_gutenberg_icon_alignemt":"","sfsi_plus_gutenburg_max_per_row":"","footnotes":""},"categories":[6],"tags":[],"class_list":["post-144873","post","type-post","status-publish","format-standard","has-post-thumbnail","hentry","category-cidades"],"_links":{"self":[{"href":"https:\/\/www.caririemacao.com\/1\/wp-json\/wp\/v2\/posts\/144873","targetHints":{"allow":["GET"]}}],"collection":[{"href":"https:\/\/www.caririemacao.com\/1\/wp-json\/wp\/v2\/posts"}],"about":[{"href":"https:\/\/www.caririemacao.com\/1\/wp-json\/wp\/v2\/types\/post"}],"author":[{"embeddable":true,"href":"https:\/\/www.caririemacao.com\/1\/wp-json\/wp\/v2\/users\/1"}],"replies":[{"embeddable":true,"href":"https:\/\/www.caririemacao.com\/1\/wp-json\/wp\/v2\/comments?post=144873"}],"version-history":[{"count":1,"href":"https:\/\/www.caririemacao.com\/1\/wp-json\/wp\/v2\/posts\/144873\/revisions"}],"predecessor-version":[{"id":144875,"href":"https:\/\/www.caririemacao.com\/1\/wp-json\/wp\/v2\/posts\/144873\/revisions\/144875"}],"wp:featuredmedia":[{"embeddable":true,"href":"https:\/\/www.caririemacao.com\/1\/wp-json\/wp\/v2\/media\/144874"}],"wp:attachment":[{"href":"https:\/\/www.caririemacao.com\/1\/wp-json\/wp\/v2\/media?parent=144873"}],"wp:term":[{"taxonomy":"category","embeddable":true,"href":"https:\/\/www.caririemacao.com\/1\/wp-json\/wp\/v2\/categories?post=144873"},{"taxonomy":"post_tag","embeddable":true,"href":"https:\/\/www.caririemacao.com\/1\/wp-json\/wp\/v2\/tags?post=144873"}],"curies":[{"name":"wp","href":"https:\/\/api.w.org\/{rel}","templated":true}]}}