{"id":144889,"date":"2020-01-07T08:17:26","date_gmt":"2020-01-07T11:17:26","guid":{"rendered":"http:\/\/www.caririemacao.com\/1\/?p=144889"},"modified":"2020-01-07T08:17:26","modified_gmt":"2020-01-07T11:17:26","slug":"casa-e-invadida-suspeitos-rendem-familia-e-roubam-carro-celulares-e-dinheiro-das-vitimas","status":"publish","type":"post","link":"https:\/\/www.caririemacao.com\/1\/2020\/01\/07\/casa-e-invadida-suspeitos-rendem-familia-e-roubam-carro-celulares-e-dinheiro-das-vitimas\/","title":{"rendered":"Casa \u00e9 invadida, suspeitos rendem fam\u00edlia e roubam carro, celulares e dinheiro das v\u00edtimas"},"content":{"rendered":"\n<p>Uma casa foi invadida na noite desta segunda-feira (6) em Jacum\u00e3, no Conde, na Grande Jo\u00e3o pessoa, por suspeitos que fizeram sete pessoas de uma fam\u00edlia ref\u00e9ns. Dois homens participaram da a\u00e7\u00e3o e, na fuga, um homem de 60 anos foi sequestrado junto com os suspeitos.<\/p>\n\n\n\n<p>Os homens rendem toda a fam\u00edlia e colocaram as v\u00edtimas dentro de um dos quartos. Os objetos como celulares, dinheiro, alian\u00e7as e uma televis\u00e3o, foram colocados dentro de um carro com placa do Distrito Federal, que tamb\u00e9m foi roubado.<\/p>\n\n\n\n<p>Na fuga, os suspeitos sequestram um homem de 60 anos, que tamb\u00e9m estava na casa. Ele foi deixado, em seguida, no bairro Colinas do Sul. Ao lado da casa invadida, a dupla deixou uma moto roubada, que foi usada para chegarem at\u00e9 a resid\u00eancia. O caso foi registrado na Central de Flagrantes, em Jo\u00e3o Pessoa. At\u00e9 as 6h40 desta ter\u00e7a-feira (7), nenhum dos suspeitos foi localizado e o carro n\u00e3o foi encontrado.<\/p>\n\n\n\n<p>Com G1-PB<\/p>\n","protected":false},"excerpt":{"rendered":"<p>Uma casa foi invadida na noite desta segunda-feira (6) em Jacum\u00e3, no Conde, na Grande Jo\u00e3o pessoa, por suspeitos que fizeram sete pessoas de uma&hellip; <\/p>\n","protected":false},"author":1,"featured_media":144891,"comment_status":"closed","ping_status":"closed","sticky":false,"template":"","format":"standard","meta":{"sfsi_plus_gutenberg_text_before_share":"","sfsi_plus_gutenberg_show_text_before_share":"","sfsi_plus_gutenberg_icon_type":"","sfsi_plus_gutenberg_icon_alignemt":"","sfsi_plus_gutenburg_max_per_row":"","footnotes":""},"categories":[12],"tags":[],"class_list":["post-144889","post","type-post","status-publish","format-standard","has-post-thumbnail","hentry","category-policia"],"_links":{"self":[{"href":"https:\/\/www.caririemacao.com\/1\/wp-json\/wp\/v2\/posts\/144889","targetHints":{"allow":["GET"]}}],"collection":[{"href":"https:\/\/www.caririemacao.com\/1\/wp-json\/wp\/v2\/posts"}],"about":[{"href":"https:\/\/www.caririemacao.com\/1\/wp-json\/wp\/v2\/types\/post"}],"author":[{"embeddable":true,"href":"https:\/\/www.caririemacao.com\/1\/wp-json\/wp\/v2\/users\/1"}],"replies":[{"embeddable":true,"href":"https:\/\/www.caririemacao.com\/1\/wp-json\/wp\/v2\/comments?post=144889"}],"version-history":[{"count":1,"href":"https:\/\/www.caririemacao.com\/1\/wp-json\/wp\/v2\/posts\/144889\/revisions"}],"predecessor-version":[{"id":144892,"href":"https:\/\/www.caririemacao.com\/1\/wp-json\/wp\/v2\/posts\/144889\/revisions\/144892"}],"wp:featuredmedia":[{"embeddable":true,"href":"https:\/\/www.caririemacao.com\/1\/wp-json\/wp\/v2\/media\/144891"}],"wp:attachment":[{"href":"https:\/\/www.caririemacao.com\/1\/wp-json\/wp\/v2\/media?parent=144889"}],"wp:term":[{"taxonomy":"category","embeddable":true,"href":"https:\/\/www.caririemacao.com\/1\/wp-json\/wp\/v2\/categories?post=144889"},{"taxonomy":"post_tag","embeddable":true,"href":"https:\/\/www.caririemacao.com\/1\/wp-json\/wp\/v2\/tags?post=144889"}],"curies":[{"name":"wp","href":"https:\/\/api.w.org\/{rel}","templated":true}]}}