{"id":144896,"date":"2020-01-07T08:18:33","date_gmt":"2020-01-07T11:18:33","guid":{"rendered":"http:\/\/www.caririemacao.com\/1\/?p=144896"},"modified":"2020-01-07T08:18:33","modified_gmt":"2020-01-07T11:18:33","slug":"inss-faz-ajuste-em-sistemas-apos-reforma-da-previdencia","status":"publish","type":"post","link":"https:\/\/www.caririemacao.com\/1\/2020\/01\/07\/inss-faz-ajuste-em-sistemas-apos-reforma-da-previdencia\/","title":{"rendered":"INSS faz ajuste em sistemas ap\u00f3s reforma da Previd\u00eancia"},"content":{"rendered":"\n<p>O Instituto Nacional do Seguro Social (INSS) est\u00e1 atualizando os seis sistemas de concess\u00e3o, manuten\u00e7\u00e3o e pagamento de benef\u00edcios previdenci\u00e1rios (Prisma, Sibe, Sabi, Plenus, Sispagben e SUB), para adequa\u00e7\u00e3o \u00e0&nbsp;<a href=\"http:\/\/www.in.gov.br\/en\/web\/dou\/-\/emenda-constitucional-n-103-227649622\" target=\"_blank\" rel=\"noreferrer noopener\">Emenda Constitucional n\u00ba 103<\/a>, que modificou o funcionamento da Previd\u00eancia Social. O texto base da reforma proposta pelo governo&nbsp;<a href=\"http:\/\/agenciabrasil.ebc.com.br\/politica\/noticia\/2019-10\/senado-aprova-texto-base-da-reforma-da-previdencia-em-segundo-turno\" target=\"_blank\" rel=\"noreferrer noopener\">foi aprovado<\/a>&nbsp;em 22 outubro de 2019.<\/p>\n\n\n\n<p>Tamb\u00e9m est\u00e1 em atualiza\u00e7\u00e3o o Cadastro Nacional de Informa\u00e7\u00f5es Sociais (CNIS), base de dados que guarda as informa\u00e7\u00f5es de todos os contribuintes da Previd\u00eancia Social, assim como o simulador de aposentadoria (acessado no&nbsp;<a href=\"https:\/\/www.inss.gov.br\/servicos-do-inss\/meu-inss\/\" target=\"_blank\" rel=\"noreferrer noopener\">Meu INSS<\/a>).<\/p>\n\n\n\n<p>\u201cNo momento\u201d, diz nota divulgada pelo INSS, \u201cest\u00e3o habilitados para opera\u00e7\u00e3o os sistemas para concess\u00e3o de sal\u00e1rio-maternidade, aux\u00edlio-doen\u00e7a, aux\u00edlio-reclus\u00e3o, benef\u00edcios de presta\u00e7\u00e3o continuada ao idoso e \u00e0 pessoa com defici\u00eancia e a pens\u00e3o especial destinada a crian\u00e7as com microcefalia decorrente do Zika V\u00edrus\u201d. Esses benef\u00edcios somam mais da metade de toda demanda de segurados recebida diariamente pelo INSS.<\/p>\n\n\n\n<p>A autarquia garante que \u201cas adapta\u00e7\u00f5es dos sistemas n\u00e3o geram nenhum impacto na rotina de an\u00e1lise dos requerimentos feitos por quem j\u00e1 possu\u00eda direito adquirido antes da publica\u00e7\u00e3o da emenda, ou seja, a an\u00e1lise dos requerimentos, feitos conforme as regras anteriores, segue normalmente\u201d.<\/p>\n","protected":false},"excerpt":{"rendered":"<p>O Instituto Nacional do Seguro Social (INSS) est\u00e1 atualizando os seis sistemas de concess\u00e3o, manuten\u00e7\u00e3o e pagamento de benef\u00edcios previdenci\u00e1rios (Prisma, Sibe, Sabi, Plenus, Sispagben&hellip; <\/p>\n","protected":false},"author":1,"featured_media":42382,"comment_status":"closed","ping_status":"closed","sticky":false,"template":"","format":"standard","meta":{"sfsi_plus_gutenberg_text_before_share":"","sfsi_plus_gutenberg_show_text_before_share":"","sfsi_plus_gutenberg_icon_type":"","sfsi_plus_gutenberg_icon_alignemt":"","sfsi_plus_gutenburg_max_per_row":"","footnotes":""},"categories":[50,2],"tags":[],"class_list":["post-144896","post","type-post","status-publish","format-standard","has-post-thumbnail","hentry","category-destaque","category-geral"],"_links":{"self":[{"href":"https:\/\/www.caririemacao.com\/1\/wp-json\/wp\/v2\/posts\/144896","targetHints":{"allow":["GET"]}}],"collection":[{"href":"https:\/\/www.caririemacao.com\/1\/wp-json\/wp\/v2\/posts"}],"about":[{"href":"https:\/\/www.caririemacao.com\/1\/wp-json\/wp\/v2\/types\/post"}],"author":[{"embeddable":true,"href":"https:\/\/www.caririemacao.com\/1\/wp-json\/wp\/v2\/users\/1"}],"replies":[{"embeddable":true,"href":"https:\/\/www.caririemacao.com\/1\/wp-json\/wp\/v2\/comments?post=144896"}],"version-history":[{"count":1,"href":"https:\/\/www.caririemacao.com\/1\/wp-json\/wp\/v2\/posts\/144896\/revisions"}],"predecessor-version":[{"id":144897,"href":"https:\/\/www.caririemacao.com\/1\/wp-json\/wp\/v2\/posts\/144896\/revisions\/144897"}],"wp:featuredmedia":[{"embeddable":true,"href":"https:\/\/www.caririemacao.com\/1\/wp-json\/wp\/v2\/media\/42382"}],"wp:attachment":[{"href":"https:\/\/www.caririemacao.com\/1\/wp-json\/wp\/v2\/media?parent=144896"}],"wp:term":[{"taxonomy":"category","embeddable":true,"href":"https:\/\/www.caririemacao.com\/1\/wp-json\/wp\/v2\/categories?post=144896"},{"taxonomy":"post_tag","embeddable":true,"href":"https:\/\/www.caririemacao.com\/1\/wp-json\/wp\/v2\/tags?post=144896"}],"curies":[{"name":"wp","href":"https:\/\/api.w.org\/{rel}","templated":true}]}}