{"id":144903,"date":"2020-01-07T08:39:23","date_gmt":"2020-01-07T11:39:23","guid":{"rendered":"http:\/\/www.caririemacao.com\/1\/?p=144903"},"modified":"2020-01-07T08:39:23","modified_gmt":"2020-01-07T11:39:23","slug":"prefeitura-de-sao-joao-do-tigre-implantara-letreiros-e-pracas-em-distritos-do-municipio","status":"publish","type":"post","link":"https:\/\/www.caririemacao.com\/1\/2020\/01\/07\/prefeitura-de-sao-joao-do-tigre-implantara-letreiros-e-pracas-em-distritos-do-municipio\/","title":{"rendered":"Prefeitura de S\u00e3o Jo\u00e3o do Tigre implantar\u00e1 letreiros e pra\u00e7as em distritos do munic\u00edpio"},"content":{"rendered":"\n<figure class=\"wp-block-image\"><img decoding=\"async\" data-src=\"https:\/\/1.bp.blogspot.com\/-HxQsRjDEr20\/XhDPR3f94fI\/AAAAAAAALUc\/phkuBKpX1zI6pohVvMFWTBvYs2drYWyIACLcBGAsYHQ\/s280\/003%2B%25281%2529.jpg\" alt=\"\" src=\"data:image\/svg+xml;base64,PHN2ZyB3aWR0aD0iMSIgaGVpZ2h0PSIxIiB4bWxucz0iaHR0cDovL3d3dy53My5vcmcvMjAwMC9zdmciPjwvc3ZnPg==\" class=\"lazyload\" \/><\/figure>\n\n\n\n<figure class=\"wp-block-image\"><img decoding=\"async\" data-src=\"https:\/\/1.bp.blogspot.com\/-r_W7G6_CpSY\/XhDO6EizMVI\/AAAAAAAALUU\/a-SJYWxFcUkIzHF4T_y50K_DfzuU3j3PACLcBGAsYHQ\/s400\/005.jpg\" alt=\"\" src=\"data:image\/svg+xml;base64,PHN2ZyB3aWR0aD0iMSIgaGVpZ2h0PSIxIiB4bWxucz0iaHR0cDovL3d3dy53My5vcmcvMjAwMC9zdmciPjwvc3ZnPg==\" class=\"lazyload\" \/><\/figure>\n\n\n\n<p>A Prefeitura de S\u00e3o Jo\u00e3o do Tigre contemplar\u00e1 os distritos de Cacimbinha e Santa Maria com letreiros com o nome dos distritos e pra\u00e7as para socializa\u00e7\u00e3o dos moradores das comunidades.<br>O Secret\u00e1rio de Finan\u00e7as, M\u00e1rcio Leite, informou que em breve a popula\u00e7\u00e3o dos dois distritos ir\u00e1 desfrutar desse novo espa\u00e7o tur\u00edstico, que visa socializar os moradores em um ambiente mais agrad\u00e1vel.<br>&nbsp;O Prefeito C\u00e9lio Barbosa afirmou que encerrar\u00e1 seu segundo mandato \u00e0 frente da Gest\u00e3o Municipal com chave de ouro, entregando diversas a\u00e7\u00f5es e obras, e deixando uma marca j\u00e1 mais vista na hist\u00f3ria do munic\u00edpio.<br><strong>Fonte: Cariri da Gente<\/strong><\/p>\n","protected":false},"excerpt":{"rendered":"<p>A Prefeitura de S\u00e3o Jo\u00e3o do Tigre contemplar\u00e1 os distritos de Cacimbinha e Santa Maria com letreiros com o nome dos distritos e pra\u00e7as para&hellip; <\/p>\n","protected":false},"author":1,"featured_media":144904,"comment_status":"closed","ping_status":"closed","sticky":false,"template":"","format":"standard","meta":{"sfsi_plus_gutenberg_text_before_share":"","sfsi_plus_gutenberg_show_text_before_share":"","sfsi_plus_gutenberg_icon_type":"","sfsi_plus_gutenberg_icon_alignemt":"","sfsi_plus_gutenburg_max_per_row":"","footnotes":""},"categories":[6],"tags":[],"class_list":["post-144903","post","type-post","status-publish","format-standard","has-post-thumbnail","hentry","category-cidades"],"_links":{"self":[{"href":"https:\/\/www.caririemacao.com\/1\/wp-json\/wp\/v2\/posts\/144903","targetHints":{"allow":["GET"]}}],"collection":[{"href":"https:\/\/www.caririemacao.com\/1\/wp-json\/wp\/v2\/posts"}],"about":[{"href":"https:\/\/www.caririemacao.com\/1\/wp-json\/wp\/v2\/types\/post"}],"author":[{"embeddable":true,"href":"https:\/\/www.caririemacao.com\/1\/wp-json\/wp\/v2\/users\/1"}],"replies":[{"embeddable":true,"href":"https:\/\/www.caririemacao.com\/1\/wp-json\/wp\/v2\/comments?post=144903"}],"version-history":[{"count":1,"href":"https:\/\/www.caririemacao.com\/1\/wp-json\/wp\/v2\/posts\/144903\/revisions"}],"predecessor-version":[{"id":144905,"href":"https:\/\/www.caririemacao.com\/1\/wp-json\/wp\/v2\/posts\/144903\/revisions\/144905"}],"wp:featuredmedia":[{"embeddable":true,"href":"https:\/\/www.caririemacao.com\/1\/wp-json\/wp\/v2\/media\/144904"}],"wp:attachment":[{"href":"https:\/\/www.caririemacao.com\/1\/wp-json\/wp\/v2\/media?parent=144903"}],"wp:term":[{"taxonomy":"category","embeddable":true,"href":"https:\/\/www.caririemacao.com\/1\/wp-json\/wp\/v2\/categories?post=144903"},{"taxonomy":"post_tag","embeddable":true,"href":"https:\/\/www.caririemacao.com\/1\/wp-json\/wp\/v2\/tags?post=144903"}],"curies":[{"name":"wp","href":"https:\/\/api.w.org\/{rel}","templated":true}]}}