{"id":144908,"date":"2020-01-07T08:40:47","date_gmt":"2020-01-07T11:40:47","guid":{"rendered":"http:\/\/www.caririemacao.com\/1\/?p=144908"},"modified":"2020-01-07T08:40:47","modified_gmt":"2020-01-07T11:40:47","slug":"governo-divulga-resultado-de-pericia-e-convoca-candidatos-de-concurso","status":"publish","type":"post","link":"https:\/\/www.caririemacao.com\/1\/2020\/01\/07\/governo-divulga-resultado-de-pericia-e-convoca-candidatos-de-concurso\/","title":{"rendered":"Governo divulga resultado de per\u00edcia e convoca candidatos de concurso"},"content":{"rendered":"\n<p>A Secretaria de Estado da Administra\u00e7\u00e3o divulgou, na edi\u00e7\u00e3o desta ter\u00e7a-feira (7), do Di\u00e1rio Oficial do Estado, o resultado de uma nova etapa do concurso p\u00fablico para agentes socioeducativos da Funda\u00e7\u00e3o de Desenvolvimento da Crian\u00e7a e do Adolescente Alice Almeida (Fundac).<\/p>\n\n\n\n<p>Foram divulgados as respostas aos recursos e resultado final da Per\u00edcia M\u00e9dica e convoca\u00e7\u00e3o para entrega dos t\u00edtulos dos candidatos que se declararam com defici\u00eancia, convoca\u00e7\u00e3o para a Prova de Capacidade F\u00edsica e entrega da documenta\u00e7\u00e3o para a Investiga\u00e7\u00e3o Social.<\/p>\n\n\n\n<p>As respostas aos recursos contra o resultado preliminar da Per\u00edcia M\u00e9dica dos candidatos que se declararam com defici\u00eancia \u2013 PCD est\u00e3o dispon\u00edveis para consulta no site www.ibade.org.br.<\/p>\n\n\n\n<p>A prova de capacidade f\u00edsica ocorre entre os dias 17 e 19 deste m\u00eas.<\/p>\n\n\n\n<p><strong>Confira:&nbsp;<a href=\"https:\/\/www.maispb.com.br\/wp-content\/uploads\/2020\/01\/Di%C3%A1rio-Oficial-do-Estado.pdf\">Di\u00e1rio Oficial do Estado<\/a><\/strong><\/p>\n\n\n\n<p><strong>MaisPB<\/strong><\/p>\n","protected":false},"excerpt":{"rendered":"<p>A Secretaria de Estado da Administra\u00e7\u00e3o divulgou, na edi\u00e7\u00e3o desta ter\u00e7a-feira (7), do Di\u00e1rio Oficial do Estado, o resultado de uma nova etapa do concurso&hellip; <\/p>\n","protected":false},"author":1,"featured_media":144909,"comment_status":"closed","ping_status":"closed","sticky":false,"template":"","format":"standard","meta":{"sfsi_plus_gutenberg_text_before_share":"","sfsi_plus_gutenberg_show_text_before_share":"","sfsi_plus_gutenberg_icon_type":"","sfsi_plus_gutenberg_icon_alignemt":"","sfsi_plus_gutenburg_max_per_row":"","footnotes":""},"categories":[2],"tags":[],"class_list":["post-144908","post","type-post","status-publish","format-standard","has-post-thumbnail","hentry","category-geral"],"_links":{"self":[{"href":"https:\/\/www.caririemacao.com\/1\/wp-json\/wp\/v2\/posts\/144908","targetHints":{"allow":["GET"]}}],"collection":[{"href":"https:\/\/www.caririemacao.com\/1\/wp-json\/wp\/v2\/posts"}],"about":[{"href":"https:\/\/www.caririemacao.com\/1\/wp-json\/wp\/v2\/types\/post"}],"author":[{"embeddable":true,"href":"https:\/\/www.caririemacao.com\/1\/wp-json\/wp\/v2\/users\/1"}],"replies":[{"embeddable":true,"href":"https:\/\/www.caririemacao.com\/1\/wp-json\/wp\/v2\/comments?post=144908"}],"version-history":[{"count":1,"href":"https:\/\/www.caririemacao.com\/1\/wp-json\/wp\/v2\/posts\/144908\/revisions"}],"predecessor-version":[{"id":144910,"href":"https:\/\/www.caririemacao.com\/1\/wp-json\/wp\/v2\/posts\/144908\/revisions\/144910"}],"wp:featuredmedia":[{"embeddable":true,"href":"https:\/\/www.caririemacao.com\/1\/wp-json\/wp\/v2\/media\/144909"}],"wp:attachment":[{"href":"https:\/\/www.caririemacao.com\/1\/wp-json\/wp\/v2\/media?parent=144908"}],"wp:term":[{"taxonomy":"category","embeddable":true,"href":"https:\/\/www.caririemacao.com\/1\/wp-json\/wp\/v2\/categories?post=144908"},{"taxonomy":"post_tag","embeddable":true,"href":"https:\/\/www.caririemacao.com\/1\/wp-json\/wp\/v2\/tags?post=144908"}],"curies":[{"name":"wp","href":"https:\/\/api.w.org\/{rel}","templated":true}]}}