{"id":144918,"date":"2020-01-07T08:45:13","date_gmt":"2020-01-07T11:45:13","guid":{"rendered":"http:\/\/www.caririemacao.com\/1\/?p=144918"},"modified":"2020-01-07T08:45:13","modified_gmt":"2020-01-07T11:45:13","slug":"ferias-requer-cuidados-com-acidentes-domesticos","status":"publish","type":"post","link":"https:\/\/www.caririemacao.com\/1\/2020\/01\/07\/ferias-requer-cuidados-com-acidentes-domesticos\/","title":{"rendered":"F\u00e9rias requer cuidados com acidentes dom\u00e9sticos"},"content":{"rendered":"\n<p>O per\u00edodo de f\u00e9rias tende a aumentar o n\u00famero de acidentes dom\u00e9stico. A informa\u00e7\u00e3o \u00e9 da coordenadora do Servi\u00e7o de Atendimento M\u00f3vel de Urg\u00eancia (SAMU) de Jo\u00e3o Pessoa, \u00c9rika Rivera.<\/p>\n\n\n\n<p>Em entrevista ao programa&nbsp;<strong>Hora H<\/strong>, apresentado pelos jornalistas Heron Cid e Wellison Bezerra, \u00c9rika Rivera afirmou que at\u00e9 o m\u00eas de novembro de 2019 foram registrados cerca de 2.172 acidentes.<\/p>\n\n\n\n<p>\u201cTemos notado um incremento em acidentes dom\u00e9sticos durante o per\u00edodo de f\u00e9rias: janeiro e julho principalmente. E s\u00e3o v\u00e1rios acidentes, a maioria deles evit\u00e1veis. Quedas ocorridas da pr\u00f3pria altura, banheiros. Todos na pr\u00f3pria casa, na resid\u00eancia\u201d, destacou.<\/p>\n\n\n\n<p>Ainda durante o programa, ela orientou os ouvintes para as medidas que devem ser adotadas em caso de acidentes, principalmente envolvendo crian\u00e7as.<\/p>\n","protected":false},"excerpt":{"rendered":"<p>O per\u00edodo de f\u00e9rias tende a aumentar o n\u00famero de acidentes dom\u00e9stico. A informa\u00e7\u00e3o \u00e9 da coordenadora do Servi\u00e7o de Atendimento M\u00f3vel de Urg\u00eancia (SAMU)&hellip; <\/p>\n","protected":false},"author":1,"featured_media":144920,"comment_status":"closed","ping_status":"closed","sticky":false,"template":"","format":"standard","meta":{"sfsi_plus_gutenberg_text_before_share":"","sfsi_plus_gutenberg_show_text_before_share":"","sfsi_plus_gutenberg_icon_type":"","sfsi_plus_gutenberg_icon_alignemt":"","sfsi_plus_gutenburg_max_per_row":"","footnotes":""},"categories":[2],"tags":[],"class_list":["post-144918","post","type-post","status-publish","format-standard","has-post-thumbnail","hentry","category-geral"],"_links":{"self":[{"href":"https:\/\/www.caririemacao.com\/1\/wp-json\/wp\/v2\/posts\/144918","targetHints":{"allow":["GET"]}}],"collection":[{"href":"https:\/\/www.caririemacao.com\/1\/wp-json\/wp\/v2\/posts"}],"about":[{"href":"https:\/\/www.caririemacao.com\/1\/wp-json\/wp\/v2\/types\/post"}],"author":[{"embeddable":true,"href":"https:\/\/www.caririemacao.com\/1\/wp-json\/wp\/v2\/users\/1"}],"replies":[{"embeddable":true,"href":"https:\/\/www.caririemacao.com\/1\/wp-json\/wp\/v2\/comments?post=144918"}],"version-history":[{"count":1,"href":"https:\/\/www.caririemacao.com\/1\/wp-json\/wp\/v2\/posts\/144918\/revisions"}],"predecessor-version":[{"id":144921,"href":"https:\/\/www.caririemacao.com\/1\/wp-json\/wp\/v2\/posts\/144918\/revisions\/144921"}],"wp:featuredmedia":[{"embeddable":true,"href":"https:\/\/www.caririemacao.com\/1\/wp-json\/wp\/v2\/media\/144920"}],"wp:attachment":[{"href":"https:\/\/www.caririemacao.com\/1\/wp-json\/wp\/v2\/media?parent=144918"}],"wp:term":[{"taxonomy":"category","embeddable":true,"href":"https:\/\/www.caririemacao.com\/1\/wp-json\/wp\/v2\/categories?post=144918"},{"taxonomy":"post_tag","embeddable":true,"href":"https:\/\/www.caririemacao.com\/1\/wp-json\/wp\/v2\/tags?post=144918"}],"curies":[{"name":"wp","href":"https:\/\/api.w.org\/{rel}","templated":true}]}}