{"id":144933,"date":"2020-01-07T09:14:23","date_gmt":"2020-01-07T12:14:23","guid":{"rendered":"http:\/\/www.caririemacao.com\/1\/?p=144933"},"modified":"2020-01-07T09:14:23","modified_gmt":"2020-01-07T12:14:23","slug":"novo-programa-oferece-casas-para-familias","status":"publish","type":"post","link":"https:\/\/www.caririemacao.com\/1\/2020\/01\/07\/novo-programa-oferece-casas-para-familias\/","title":{"rendered":"Novo programa oferece casas para fam\u00edlias"},"content":{"rendered":"\n<p>Anunciado nesta segunda-feira (06) pelo governador Jo\u00e3o Azev\u00eado (sem partido), o programa de Habita\u00e7\u00e3o da Para\u00edba ser\u00e1 uma parceria entre o Governo do Estado e as prefeituras municipais que desejarem aderir o projeto. Em entrevista ao&nbsp;<strong>Hora H<\/strong>, a presidente da Companhia de Habita\u00e7\u00e3o do Estado da Para\u00edba (Cehap), Emilia Correia, deu detalhes do programa.<\/p>\n\n\n\n<p>De acordo com Emilia, o alvo ser\u00e3o fam\u00edlias que recebem at\u00e9 tr\u00eas sal\u00e1rios m\u00ednimos. Ainda conforme a presidente, cada casa custar\u00e1 cerca de R$25 mil, e por n\u00e3o ter parceria com o Governo Federal, n\u00e3o seguir\u00e1 o padr\u00e3o das resid\u00eancias custeadas pela Uni\u00e3o.<\/p>\n\n\n\n<p>Segundo a presidente, a casa n\u00e3o ser\u00e1 entregue com piso ou forro, sendo o benefici\u00e1rio respons\u00e1vel por coloc\u00e1-los, caso tenha interesse.<\/p>\n\n\n\n<p>\u201cEla ter\u00e1 dois quartos e o benefici\u00e1rio vai complementar algumas coisas na casa. \u00c9 um programa de parceria mesmo e como n\u00e3o h\u00e1 recursos do Governo Federal, que \u00e9 o respons\u00e1vel pela pol\u00edtica de Habita\u00e7\u00e3o, o Governo far\u00e1 por meio de parcerias\u201d, explicou, em entrevista ao&nbsp;<strong>Hora H<\/strong>.<\/p>\n\n\n\n<p>O programa, que ainda n\u00e3o tem nome decretado, ser\u00e1 lan\u00e7ado em 22 de janeiro e at\u00e9 l\u00e1, algumas defini\u00e7\u00f5es ser\u00e3o feitas.<\/p>\n\n\n\n<p><strong>Ou\u00e7a:<\/strong><\/p>\n\n\n\n<p><strong>MaisPB<\/strong><\/p>\n","protected":false},"excerpt":{"rendered":"<p>Anunciado nesta segunda-feira (06) pelo governador Jo\u00e3o Azev\u00eado (sem partido), o programa de Habita\u00e7\u00e3o da Para\u00edba ser\u00e1 uma parceria entre o Governo do Estado e&hellip; <\/p>\n","protected":false},"author":1,"featured_media":113665,"comment_status":"closed","ping_status":"closed","sticky":false,"template":"","format":"standard","meta":{"sfsi_plus_gutenberg_text_before_share":"","sfsi_plus_gutenberg_show_text_before_share":"","sfsi_plus_gutenberg_icon_type":"","sfsi_plus_gutenberg_icon_alignemt":"","sfsi_plus_gutenburg_max_per_row":"","footnotes":""},"categories":[2],"tags":[],"class_list":["post-144933","post","type-post","status-publish","format-standard","has-post-thumbnail","hentry","category-geral"],"_links":{"self":[{"href":"https:\/\/www.caririemacao.com\/1\/wp-json\/wp\/v2\/posts\/144933","targetHints":{"allow":["GET"]}}],"collection":[{"href":"https:\/\/www.caririemacao.com\/1\/wp-json\/wp\/v2\/posts"}],"about":[{"href":"https:\/\/www.caririemacao.com\/1\/wp-json\/wp\/v2\/types\/post"}],"author":[{"embeddable":true,"href":"https:\/\/www.caririemacao.com\/1\/wp-json\/wp\/v2\/users\/1"}],"replies":[{"embeddable":true,"href":"https:\/\/www.caririemacao.com\/1\/wp-json\/wp\/v2\/comments?post=144933"}],"version-history":[{"count":1,"href":"https:\/\/www.caririemacao.com\/1\/wp-json\/wp\/v2\/posts\/144933\/revisions"}],"predecessor-version":[{"id":144935,"href":"https:\/\/www.caririemacao.com\/1\/wp-json\/wp\/v2\/posts\/144933\/revisions\/144935"}],"wp:featuredmedia":[{"embeddable":true,"href":"https:\/\/www.caririemacao.com\/1\/wp-json\/wp\/v2\/media\/113665"}],"wp:attachment":[{"href":"https:\/\/www.caririemacao.com\/1\/wp-json\/wp\/v2\/media?parent=144933"}],"wp:term":[{"taxonomy":"category","embeddable":true,"href":"https:\/\/www.caririemacao.com\/1\/wp-json\/wp\/v2\/categories?post=144933"},{"taxonomy":"post_tag","embeddable":true,"href":"https:\/\/www.caririemacao.com\/1\/wp-json\/wp\/v2\/tags?post=144933"}],"curies":[{"name":"wp","href":"https:\/\/api.w.org\/{rel}","templated":true}]}}