{"id":144941,"date":"2020-01-07T09:22:22","date_gmt":"2020-01-07T12:22:22","guid":{"rendered":"http:\/\/www.caririemacao.com\/1\/?p=144941"},"modified":"2020-01-07T09:22:22","modified_gmt":"2020-01-07T12:22:22","slug":"governo-cria-mais-de-500-cargos-comissionados-na-pf","status":"publish","type":"post","link":"https:\/\/www.caririemacao.com\/1\/2020\/01\/07\/governo-cria-mais-de-500-cargos-comissionados-na-pf\/","title":{"rendered":"Governo cria mais de 500 cargos comissionados na PF"},"content":{"rendered":"\n<p>O presidente Jair Bolsonaro assinou uma medida provis\u00f3ria que cria 514 novos cargos comissionados, ou seja de confian\u00e7a e sem a necessidade de concurso p\u00fablico, na Pol\u00edcia Federal. A medida foi publicada em edi\u00e7\u00e3o extra do Di\u00e1rio Oficial da Uni\u00e3o na sexta-feira (3).<\/p>\n\n\n\n<p>Al\u00e9m disso, foram remanejados, sem novas despesas, 340 vagas para cria\u00e7\u00e3o de novos postos comissionados.<\/p>\n\n\n\n<p>Al\u00e9m de Bolsonaro, a MP tamb\u00e9m conta com assinatura do ministro da Justi\u00e7a e Seguran\u00e7a P\u00fablica, Sergio Moro, e do secret\u00e1rio-executivo do minist\u00e9rio da Economia, Marcelo Guaranys.<\/p>\n\n\n\n<p>Uma medida provis\u00f3ria tem validade m\u00e1xima de quatro meses e precisa ser confirmada por deputados e senadores para valer al\u00e9m deste per\u00edodo.<br><\/p>\n\n\n\n<p>O incremento nos quadros da PF acontece ap\u00f3s um segundo semestre de 2019 conturbado entre o governo e a institui\u00e7\u00e3o. A crise foi deflagrada em setembro ap\u00f3s tentativa de Bolsonaro de interferir na escolha do superintendente da PF no Rio de Janeiro.<br><\/p>\n\n\n\n<p>O presidente recuou da a\u00e7\u00e3o de mudar o comando da PF no Rio, mas j\u00e1 afirmou publicamente mais de uma vez sobre demitir Maur\u00edcio Valeixo da dire\u00e7\u00e3o geral da Pol\u00edcia Federal. No entanto, Valeixo permaneceu no cargo.<\/p>\n\n\n\n<p>Ap\u00f3s a declara\u00e7\u00e3o do presidente de que ele \u00e9 \u201cquem manda\u201d na defini\u00e7\u00e3o dos cargos de comando do \u00f3rg\u00e3o, delegados federais decidiram cobrar dos congressistas a aprova\u00e7\u00e3o da autonomia administrativa, financeira e or\u00e7ament\u00e1ria da Pol\u00edcia Federal, al\u00e9m da fixa\u00e7\u00e3o de um mandato fixo para o diretor-geral da institui\u00e7\u00e3o.<\/p>\n\n\n\n<p>O presidente da Comiss\u00e3o de Constitui\u00e7\u00e3o e Justi\u00e7a da C\u00e2mara dos Deputados, Felipe Francischini (PSL-PR), ensaiou avan\u00e7ar no projeto de lei que regulamenta a autonomia da Pol\u00edcia, mas ele foi adiado por tempo indeterminado ap\u00f3s interven\u00e7\u00e3o do l\u00edder do governo na C\u00e2mara, Major V\u00edtor Hugo (PSL-GO).<\/p>\n","protected":false},"excerpt":{"rendered":"<p>O presidente Jair Bolsonaro assinou uma medida provis\u00f3ria que cria 514 novos cargos comissionados, ou seja de confian\u00e7a e sem a necessidade de concurso p\u00fablico,&hellip; <\/p>\n","protected":false},"author":1,"featured_media":51851,"comment_status":"closed","ping_status":"closed","sticky":false,"template":"","format":"standard","meta":{"sfsi_plus_gutenberg_text_before_share":"","sfsi_plus_gutenberg_show_text_before_share":"","sfsi_plus_gutenberg_icon_type":"","sfsi_plus_gutenberg_icon_alignemt":"","sfsi_plus_gutenburg_max_per_row":"","footnotes":""},"categories":[2],"tags":[],"class_list":["post-144941","post","type-post","status-publish","format-standard","has-post-thumbnail","hentry","category-geral"],"_links":{"self":[{"href":"https:\/\/www.caririemacao.com\/1\/wp-json\/wp\/v2\/posts\/144941","targetHints":{"allow":["GET"]}}],"collection":[{"href":"https:\/\/www.caririemacao.com\/1\/wp-json\/wp\/v2\/posts"}],"about":[{"href":"https:\/\/www.caririemacao.com\/1\/wp-json\/wp\/v2\/types\/post"}],"author":[{"embeddable":true,"href":"https:\/\/www.caririemacao.com\/1\/wp-json\/wp\/v2\/users\/1"}],"replies":[{"embeddable":true,"href":"https:\/\/www.caririemacao.com\/1\/wp-json\/wp\/v2\/comments?post=144941"}],"version-history":[{"count":1,"href":"https:\/\/www.caririemacao.com\/1\/wp-json\/wp\/v2\/posts\/144941\/revisions"}],"predecessor-version":[{"id":144944,"href":"https:\/\/www.caririemacao.com\/1\/wp-json\/wp\/v2\/posts\/144941\/revisions\/144944"}],"wp:featuredmedia":[{"embeddable":true,"href":"https:\/\/www.caririemacao.com\/1\/wp-json\/wp\/v2\/media\/51851"}],"wp:attachment":[{"href":"https:\/\/www.caririemacao.com\/1\/wp-json\/wp\/v2\/media?parent=144941"}],"wp:term":[{"taxonomy":"category","embeddable":true,"href":"https:\/\/www.caririemacao.com\/1\/wp-json\/wp\/v2\/categories?post=144941"},{"taxonomy":"post_tag","embeddable":true,"href":"https:\/\/www.caririemacao.com\/1\/wp-json\/wp\/v2\/tags?post=144941"}],"curies":[{"name":"wp","href":"https:\/\/api.w.org\/{rel}","templated":true}]}}